{"id":1735,"date":"2016-06-29T15:05:18","date_gmt":"2016-06-29T18:05:18","guid":{"rendered":"https:\/\/blogs2.correiobraziliense.com.br\/vicente\/?p=1735"},"modified":"2016-07-08T10:07:57","modified_gmt":"2016-07-08T13:07:57","slug":"caca-petistas-continua-todo-vapor-no-governo-temer","status":"publish","type":"post","link":"https:\/\/blogs2.correiobraziliense.com.br\/vicente\/caca-petistas-continua-todo-vapor-no-governo-temer\/","title":{"rendered":"Ca\u00e7a a petistas continua a todo vapor no governo Temer"},"content":{"rendered":"<p>O Pal\u00e1cio do Planalto expediu hoje mais lista de petistas que devem ser demitidos do governo nos pr\u00f3ximos dias. A ordem \u00e9 abrir vagas para aliados do presidente interino, Michel Temer, dentro da estrat\u00e9gia de consolidar apoio pol\u00edtico no Congresso para aprovar, em definitivo, o impeachment de Dilma Rousseff.<\/p>\n<p>&nbsp;<\/p>\n<p>Na ca\u00e7a aos petistas, chama a aten\u00e7\u00e3o o caso de uma assessora de um dos mais pr\u00f3ximos aliados de Temer. Ela est\u00e1 sendo investigada, suspeita de ser uma espi\u00e3 dentro do Planalto. H\u00e1 um grande constrangimento no entorno dela. Mas nada ainda foi provado.<\/p>\n","protected":false},"excerpt":{"rendered":"<p>O Pal\u00e1cio do Planalto expediu hoje mais lista de petistas que devem ser demitidos do governo nos pr\u00f3ximos dias. A ordem \u00e9 abrir vagas para aliados do presidente interino, Michel Temer, dentro da estrat\u00e9gia de consolidar apoio pol\u00edtico no Congresso para aprovar, em definitivo, o impeachment de Dilma Rousseff. &nbsp; Na ca\u00e7a aos petistas, chama [&hellip;]<\/p>\n","protected":false},"author":22,"featured_media":0,"comment_status":"open","ping_status":"closed","sticky":false,"template":"","format":"standard","meta":{"wpb_read_more":[],"footnotes":""},"categories":[600,1],"tags":[],"class_list":["post-1735","post","type-post","status-publish","format-standard","hentry","category-economia","category-sem-categoria"],"_links":{"self":[{"href":"https:\/\/blogs2.correiobraziliense.com.br\/vicente\/wp-json\/wp\/v2\/posts\/1735","targetHints":{"allow":["GET"]}}],"collection":[{"href":"https:\/\/blogs2.correiobraziliense.com.br\/vicente\/wp-json\/wp\/v2\/posts"}],"about":[{"href":"https:\/\/blogs2.correiobraziliense.com.br\/vicente\/wp-json\/wp\/v2\/types\/post"}],"author":[{"embeddable":true,"href":"https:\/\/blogs2.correiobraziliense.com.br\/vicente\/wp-json\/wp\/v2\/users\/22"}],"replies":[{"embeddable":true,"href":"https:\/\/blogs2.correiobraziliense.com.br\/vicente\/wp-json\/wp\/v2\/comments?post=1735"}],"version-history":[{"count":1,"href":"https:\/\/blogs2.correiobraziliense.com.br\/vicente\/wp-json\/wp\/v2\/posts\/1735\/revisions"}],"predecessor-version":[{"id":1736,"href":"https:\/\/blogs2.correiobraziliense.com.br\/vicente\/wp-json\/wp\/v2\/posts\/1735\/revisions\/1736"}],"wp:attachment":[{"href":"https:\/\/blogs2.correiobraziliense.com.br\/vicente\/wp-json\/wp\/v2\/media?parent=1735"}],"wp:term":[{"taxonomy":"category","embeddable":true,"href":"https:\/\/blogs2.correiobraziliense.com.br\/vicente\/wp-json\/wp\/v2\/categories?post=1735"},{"taxonomy":"post_tag","embeddable":true,"href":"https:\/\/blogs2.correiobraziliense.com.br\/vicente\/wp-json\/wp\/v2\/tags?post=1735"}],"curies":[{"name":"wp","href":"https:\/\/api.w.org\/{rel}","templated":true}]}}