{"id":17364,"date":"2021-02-08T15:01:21","date_gmt":"2021-02-08T18:01:21","guid":{"rendered":"https:\/\/blogs2.correiobraziliense.com.br\/vicente\/?p=17364"},"modified":"2021-02-08T15:43:07","modified_gmt":"2021-02-08T18:43:07","slug":"planalto-pede-pressa-ao-congresso-para-nao-dar-calote-em-militares","status":"publish","type":"post","link":"https:\/\/blogs2.correiobraziliense.com.br\/vicente\/planalto-pede-pressa-ao-congresso-para-nao-dar-calote-em-militares\/","title":{"rendered":"Planalto pede pressa ao Congresso para n\u00e3o dar calote em militares"},"content":{"rendered":"<h2>O Pal\u00e1cio do Planalto pediu pressa ao Congresso para acelerar a instala\u00e7\u00e3o da Comiss\u00e3o Mista do Or\u00e7amento (CMO), que dever\u00e1 ser instalada nesta ter\u00e7a-feira (09\/02), segundo promessa do presidente do Senado, Rodrigo Pacheco. Uma das preocupa\u00e7\u00f5es do governo \u00e9 de n\u00e3o dar calote nos sal\u00e1rios de militares.<\/h2>\n<p>&nbsp;<\/p>\n<p>Pelo que est\u00e1 previsto no Or\u00e7amento de 2021, o <a href=\"https:\/\/blogs2.correiobraziliense.com.br\/vicente\/governo-so-tem-dinheiro-para-pagar-salarios-de-militares-ate-maio\/\">governo s\u00f3 tem dinheiro garantido para pagar os sal\u00e1rios dos militares at\u00e9 junho<\/a>. Depois, precisar\u00e1 de cr\u00e9ditos suplementares para cumprir os compromissos salarias dos fardados. Sem a aprova\u00e7\u00e3o do Or\u00e7amento, n\u00e3o h\u00e1 como garantir esse dinheiro extra. A meta do Planalto \u00e9 aprovar o Or\u00e7amento at\u00e9 mar\u00e7o.<\/p>\n<p>&nbsp;<\/p>\n<p>Segundo Felipe Salto, diretor-executivo da Institui\u00e7\u00e3o Fiscal Independente (IFI), ligada ao Senado, dos R$ 56,8 bilh\u00f5es necess\u00e1rios para manter em dia os sal\u00e1rios dos militares da ativa e de inativos, R$ 42,5 bilh\u00f5es dependem de cr\u00e9dito suplementar.<\/p>\n<p>&nbsp;<\/p>\n<p><strong>Endividamento vai aumentar<\/strong><\/p>\n<p>&nbsp;<\/p>\n<p>\u00c9 importante ressaltar, segundo Salto, que cr\u00e9dito suplementar significa mais d\u00edvida p\u00fablica. Ou seja, para pagar sal\u00e1rios, aposentadorias e pens\u00f5es, o governo ter\u00e1 de emitir t\u00edtulos p\u00fablicos e coloc\u00e1-los no mercado. Tudo pagando juros.<\/p>\n<p>&nbsp;<\/p>\n<p>No total, o governo ter\u00e1 de pedir autoriza\u00e7\u00e3o do Congresso para quase R$ 500 bilh\u00f5es em cr\u00e9dito suplementar. \u00c9 que as receitas previstas no Or\u00e7amento n\u00e3o s\u00e3o suficientes para cobrir nem as despesas obrigat\u00f3rias, como sal\u00e1rios e aposentadorias.<\/p>\n<p>&nbsp;<\/p>\n<p>Sem a autoriza\u00e7\u00e3o do Congresso para a obten\u00e7\u00e3o de cr\u00e9ditos suplementares, o governo correr o risco de cometer crime fiscal. A chamada regra de ouro impede a emiss\u00e3o de d\u00edvidas para pagamento de despesas correntes, como sal\u00e1rios. Por isso, a necessidade de aval do Legislativo.<\/p>\n<p>&nbsp;<\/p>\n<p><em>Bras\u00edlia, 15h01min<\/em><\/p>\n","protected":false},"excerpt":{"rendered":"<p>O Pal\u00e1cio do Planalto pediu pressa ao Congresso para acelerar a instala\u00e7\u00e3o da Comiss\u00e3o Mista do Or\u00e7amento (CMO), que dever\u00e1 ser instalada nesta ter\u00e7a-feira (09\/02), segundo promessa do presidente do Senado, Rodrigo Pacheco. Uma das preocupa\u00e7\u00f5es do governo \u00e9 de n\u00e3o dar calote nos sal\u00e1rios de militares. &nbsp; Pelo que est\u00e1 previsto no Or\u00e7amento de [&hellip;]<\/p>\n","protected":false},"author":22,"featured_media":14408,"comment_status":"open","ping_status":"closed","sticky":false,"template":"","format":"standard","meta":{"wpb_read_more":[],"footnotes":""},"categories":[600],"tags":[926,589,5190,2526,2787],"class_list":["post-17364","post","type-post","status-publish","format-standard","has-post-thumbnail","hentry","category-economia","tag-brasilia","tag-economia","tag-planalto-pede-pressa-ao-congresso-para-nao-dar-calote-em-militares","tag-poder","tag-politica"],"_links":{"self":[{"href":"https:\/\/blogs2.correiobraziliense.com.br\/vicente\/wp-json\/wp\/v2\/posts\/17364","targetHints":{"allow":["GET"]}}],"collection":[{"href":"https:\/\/blogs2.correiobraziliense.com.br\/vicente\/wp-json\/wp\/v2\/posts"}],"about":[{"href":"https:\/\/blogs2.correiobraziliense.com.br\/vicente\/wp-json\/wp\/v2\/types\/post"}],"author":[{"embeddable":true,"href":"https:\/\/blogs2.correiobraziliense.com.br\/vicente\/wp-json\/wp\/v2\/users\/22"}],"replies":[{"embeddable":true,"href":"https:\/\/blogs2.correiobraziliense.com.br\/vicente\/wp-json\/wp\/v2\/comments?post=17364"}],"version-history":[{"count":1,"href":"https:\/\/blogs2.correiobraziliense.com.br\/vicente\/wp-json\/wp\/v2\/posts\/17364\/revisions"}],"predecessor-version":[{"id":17366,"href":"https:\/\/blogs2.correiobraziliense.com.br\/vicente\/wp-json\/wp\/v2\/posts\/17364\/revisions\/17366"}],"wp:featuredmedia":[{"embeddable":true,"href":"https:\/\/blogs2.correiobraziliense.com.br\/vicente\/wp-json\/wp\/v2\/media\/14408"}],"wp:attachment":[{"href":"https:\/\/blogs2.correiobraziliense.com.br\/vicente\/wp-json\/wp\/v2\/media?parent=17364"}],"wp:term":[{"taxonomy":"category","embeddable":true,"href":"https:\/\/blogs2.correiobraziliense.com.br\/vicente\/wp-json\/wp\/v2\/categories?post=17364"},{"taxonomy":"post_tag","embeddable":true,"href":"https:\/\/blogs2.correiobraziliense.com.br\/vicente\/wp-json\/wp\/v2\/tags?post=17364"}],"curies":[{"name":"wp","href":"https:\/\/api.w.org\/{rel}","templated":true}]}}