{"id":17367,"date":"2021-02-08T15:44:34","date_gmt":"2021-02-08T18:44:34","guid":{"rendered":"https:\/\/blogs2.correiobraziliense.com.br\/vicente\/?p=17367"},"modified":"2021-02-08T16:47:01","modified_gmt":"2021-02-08T19:47:01","slug":"as-feridas-criadas-por-bolsonaro-em-andre-brandao-nao-cicatrizaram","status":"publish","type":"post","link":"https:\/\/blogs2.correiobraziliense.com.br\/vicente\/as-feridas-criadas-por-bolsonaro-em-andre-brandao-nao-cicatrizaram\/","title":{"rendered":"As feridas criadas por Bolsonaro em Andr\u00e9 Brand\u00e3o n\u00e3o cicatrizaram"},"content":{"rendered":"<h2>O presidente do Banco do Brasil, Andr\u00e9 Brand\u00e3o, comemora a grande ades\u00e3o aos programas de demiss\u00e3o volunt\u00e1ria (PDVs) abertos pela institui\u00e7\u00e3o \u2014 foram 5.533 funcion\u00e1rios, n\u00famero acima da meta de at\u00e9 5 mil \u2014, mas n\u00e3o esconde o inc\u00f4modo com a crise criada pelo presidente Jair Bolsonaro em torno do programa de reestrutura\u00e7\u00e3o executado pela empresa.<\/h2>\n<p>&nbsp;<\/p>\n<p>Brand\u00e3o e seus auxiliares anotaram no caderninho as declara\u00e7\u00f5es de Bolsonaro feitas h\u00e1 pouco mais de uma semana, quando ele visitou uma loja de motos em Bras\u00edlia. Em conversa com apoiadores, o chefe do Executivo fez uma s\u00e9rie de elogios a integrantes do governo, mas n\u00e3o citou o presidente do BB.<\/p>\n<p>&nbsp;<\/p>\n<p>Contudo, nada incomodou mais Brand\u00e3o do que o fato de Bolsonaro, na mesma conversa com apoiadores, ter dito que pode demitir o presidente do BB &#8220;na hora que quiser&#8221;, pois isso \u00e9 prerrogativa dele. Brand\u00e3o acreditava que o chefe n\u00e3o tocaria mais neste assunto em p\u00fablico para preserv\u00e1-lo e preservar o banco.<\/p>\n<p>&nbsp;<\/p>\n<p>Brand\u00e3o chegou ao Banco do Brasil por meio do presidente do Banco Central, Roberto Campos Neto, e do ministro da Economia, Paulo Guedes, que incumbiu o executivo de promover uma forte guinada na gest\u00e3o da institui\u00e7\u00e3o, que havia degringolado durante a administra\u00e7\u00e3o de Rubem Novaes.<\/p>\n<p>&nbsp;<\/p>\n<p>Assim como indicou Brand\u00e3o, Campos Neto tamb\u00e9m agiu como bombeiro para segurar o amigo quando Bolsonaro surtou ao ser cobrado por parlamentares da base do governo sobre o programa de enxugamento do Banco do Brasil. Al\u00e9m dos PDVs, o BB fechar\u00e1 361 pontos de atendimento, sendo 112 ag\u00eancias.<\/p>\n<p>&nbsp;<\/p>\n<p>Muitos pol\u00edticos veem as ag\u00eancias do Banco do Brasil em suas cidades como um feito pol\u00edtico. O problema, segundo Brand\u00e3o, \u00e9 que muitas s\u00e3o deficit\u00e1rias e n\u00e3o se encaixam hoje num mundo totalmente tecnol\u00f3gico e de forte competi\u00e7\u00e3o.<\/p>\n<p>&nbsp;<\/p>\n<p>Dentro do Banco do Brasil, a vis\u00e3o \u00e9 de que, apesar da crise e das feridas abertas na rela\u00e7\u00e3o entre Bolsonaro e Andr\u00e9 Brand\u00e3o, os desligamentos de mais de 5 mil funcion\u00e1rios do BB se confirmaram e todos os 361 pontos de atendimento inclu\u00eddos no programa de reestrutura\u00e7\u00e3o ser\u00e3o fechados at\u00e9 junho.<\/p>\n<p>&nbsp;<\/p>\n<p><em>Bras\u00edlia, 15h44min<\/em><\/p>\n","protected":false},"excerpt":{"rendered":"<p>O presidente do Banco do Brasil, Andr\u00e9 Brand\u00e3o, comemora a grande ades\u00e3o aos programas de demiss\u00e3o volunt\u00e1ria (PDVs) abertos pela institui\u00e7\u00e3o \u2014 foram 5.533 funcion\u00e1rios, n\u00famero acima da meta de at\u00e9 5 mil \u2014, mas n\u00e3o esconde o inc\u00f4modo com a crise criada pelo presidente Jair Bolsonaro em torno do programa de reestrutura\u00e7\u00e3o executado pela [&hellip;]<\/p>\n","protected":false},"author":22,"featured_media":17175,"comment_status":"open","ping_status":"closed","sticky":false,"template":"","format":"standard","meta":{"wpb_read_more":[],"footnotes":""},"categories":[600],"tags":[5191,589,4547,2526,2787],"class_list":["post-17367","post","type-post","status-publish","format-standard","has-post-thumbnail","hentry","category-economia","tag-as-feridas-criadas-por-bolsonaro-em-andre-brandao-nao-cicatrizaram","tag-economia","tag-negocios","tag-poder","tag-politica"],"_links":{"self":[{"href":"https:\/\/blogs2.correiobraziliense.com.br\/vicente\/wp-json\/wp\/v2\/posts\/17367","targetHints":{"allow":["GET"]}}],"collection":[{"href":"https:\/\/blogs2.correiobraziliense.com.br\/vicente\/wp-json\/wp\/v2\/posts"}],"about":[{"href":"https:\/\/blogs2.correiobraziliense.com.br\/vicente\/wp-json\/wp\/v2\/types\/post"}],"author":[{"embeddable":true,"href":"https:\/\/blogs2.correiobraziliense.com.br\/vicente\/wp-json\/wp\/v2\/users\/22"}],"replies":[{"embeddable":true,"href":"https:\/\/blogs2.correiobraziliense.com.br\/vicente\/wp-json\/wp\/v2\/comments?post=17367"}],"version-history":[{"count":1,"href":"https:\/\/blogs2.correiobraziliense.com.br\/vicente\/wp-json\/wp\/v2\/posts\/17367\/revisions"}],"predecessor-version":[{"id":17368,"href":"https:\/\/blogs2.correiobraziliense.com.br\/vicente\/wp-json\/wp\/v2\/posts\/17367\/revisions\/17368"}],"wp:featuredmedia":[{"embeddable":true,"href":"https:\/\/blogs2.correiobraziliense.com.br\/vicente\/wp-json\/wp\/v2\/media\/17175"}],"wp:attachment":[{"href":"https:\/\/blogs2.correiobraziliense.com.br\/vicente\/wp-json\/wp\/v2\/media?parent=17367"}],"wp:term":[{"taxonomy":"category","embeddable":true,"href":"https:\/\/blogs2.correiobraziliense.com.br\/vicente\/wp-json\/wp\/v2\/categories?post=17367"},{"taxonomy":"post_tag","embeddable":true,"href":"https:\/\/blogs2.correiobraziliense.com.br\/vicente\/wp-json\/wp\/v2\/tags?post=17367"}],"curies":[{"name":"wp","href":"https:\/\/api.w.org\/{rel}","templated":true}]}}