{"id":174,"date":"2015-08-26T00:01:00","date_gmt":"2015-08-26T03:01:00","guid":{"rendered":"https:\/\/blogs2.correiobraziliense.com.br\/vicente\/pega_na_mentira\/"},"modified":"2015-08-26T00:01:00","modified_gmt":"2015-08-26T03:01:00","slug":"pega_na_mentira","status":"publish","type":"post","link":"https:\/\/blogs2.correiobraziliense.com.br\/vicente\/pega_na_mentira\/","title":{"rendered":"PEGA NA MENTIRA"},"content":{"rendered":"\n<p>A presidente Dilma Rousseff n\u00e3o se cansa de destruir a pr\u00f3pria imagem \u2014 se \u00e9 que lhe resta alguma credibilidade. \u00c9 inacredit\u00e1vel que a chefe do Executivo venha a p\u00fablico e diga que n\u00e3o sabia da gravidade da crise econ\u00f4mica na qual o pa\u00eds est\u00e1 mergulhado, que foi surpreendida pouco antes das elei\u00e7\u00f5es do ano passado. Foi ela quem criou todos os problemas que empurraram o Brasil para o buraco. Todas as vezes em que foi alertada sobre o desastre que estava provocando, ao insistir na maluquice da nova matriz econ\u00f4mica, preferia atacar os cr\u00edticos. Atribu\u00eda a eles a responsabilidade de espalharem uma onda de pessimismo que estava minando o pa\u00eds.&nbsp;Dilma contratou a crise e a jogou no colo das empresas e das fam\u00edlias. Desde que tomou posse, em janeiro de 2011, acreditou que poderia reinventar a roda na economia. Adotou a tese de que um pouco mais de infla\u00e7\u00e3o poderia estimular o Produto Interno Bruto (PIB). Obrigou o Banco Central a cortar juros, mesmo com o custo de vida se mantendo acima do teto da meta, de 6,5%. Sancionou todas as manobras fiscais que destru\u00edram as contas p\u00fablicas. Usou e abusou dos bancos p\u00fablicos para subsidiar setores que em nada contribu\u00edram para a retomada do crescimento.&nbsp;Todas essas medidas j\u00e1 produziam efeitos negativos na economia em 2014, bem antes do in\u00edcio da campanha eleitoral. Trimestre ap\u00f3s trimestre, os n\u00fameros do PIB explicitavam o derretimento da atividade. A desconfian\u00e7a estava instalada e a recess\u00e3o que vivemos hoje, contratada. Dilma sabia que n\u00e3o havia como darem certo a\u00e7\u00f5es que destru\u00edram a estabilidade do pa\u00eds, conquistada depois de anos de sacrif\u00edcio. Mesmo ciente de todos os problemas que criou, ela optou pela mentira, arma que usou, sem constrangimento, para destruir os advers\u00e1rios que poderiam lhe apear do poder.&nbsp;A crise que Dilma diz desconhecer vai resultar em pelo menos dois anos de queda do PIB. Ontem, como se fosse a pessoa mais inocente da face da terra, afirmou que 2016 n\u00e3o ser\u00e1 um ano \u201ct\u00e3o maravilhoso\u201d, mas tamb\u00e9m n\u00e3o ser\u00e1 t\u00e3o ruim como est\u00e3o falando. Infelizmente, o que ano vem, ser\u00e1, sim, muito ruim. Parte dos especialistas projeta retra\u00e7\u00e3o econ\u00f4mica de pelo menos 1%. O desemprego passar\u00e1 dos 10% nas seis principais regi\u00f5es metropolitanas. A renda do trabalho vai cair. A infla\u00e7\u00e3o continuar\u00e1 alta e as fam\u00edlias ter\u00e3o mais dificuldades para pagar d\u00edvidas. O d\u00f3lar poder\u00e1 chegar a R$ 4.&nbsp;Na avalia\u00e7\u00e3o de especialistas, a presidente da Rep\u00fablica mostra preocupa\u00e7\u00e3o com a pauta-bomba que pode ser aprovada no Congresso, aumentando os gastos p\u00fablicos. Mas ela ser\u00e1 respons\u00e1vel por eventos-bombas que s\u00f3 contribuir\u00e3o para afundar o Brasil no atoleiro. Dilma entregar\u00e1 o segundo ano seguido de deficit nas contas p\u00fablicas. Com isso, o pa\u00eds ser\u00e1 rebaixado pelas ag\u00eancias de classifica\u00e7\u00e3o de risco. A equipe econ\u00f4mica, mais precisamente o ministro da Fazenda, Joaquim Levy, ser\u00e1 pressionada, pois n\u00e3o entregar\u00e1 o que prometeu. Em meio a tudo isso, haver\u00e1 a corre\u00e7\u00e3o dos ativos da China e o aumento das taxas de juros nos Estados Unidos.&nbsp;A petista acredita que, com as recentes turbul\u00eancias globais, conseguir\u00e1 emplacar o discurso de que o mundo est\u00e1 jogando contra o Brasil e, com isso, minimizar\u00e1 sua culpa. Mas a verdadeira crise, a que est\u00e1 custando o emprego \u2013 8,4 milh\u00f5es de pessoas est\u00e3o sem trabalho no pa\u00eds \u2013, corroendo a renda e comprometendo o futuro, tem nome e sobrenome: Dilma Rousseff.&nbsp;<b>Frustra\u00e7\u00e3o do BC<\/b>&nbsp;\u00bb H\u00e1 proje\u00e7\u00f5es feitas por economistas de respeito de que, mesmo com o PIB caindo 2% em 2016, a infla\u00e7\u00e3o n\u00e3o cair\u00e1 para 4,5% como prev\u00ea o Banco Central. \u00c9 poss\u00edvel, inclusive, que, nas pr\u00f3ximas semanas, piorem as estimativas do custo de vida para o ano que vem.&nbsp;  <\/p>\n<p><b>C\u00e2mbio e commodities<\/b>&nbsp;\u00bb O Brasil n\u00e3o vai se beneficiar tanto da queda mundial dos pre\u00e7os das commodities, como se viu em 2009. Com o d\u00f3lar disparando, em reais, as mercadorias com cota\u00e7\u00e3o internacional (min\u00e9rios e gr\u00e3os, por exemplo) continuar\u00e3o caras por aqui.&nbsp;  <\/p>\n<p><b>F\u00f4lego de Cunha<\/b>&nbsp;\u00bb Para analistas do mercado, o presidente da C\u00e2mara, Eduardo Cunha, ganhou pontos com o esvaziamento do vice-presidente da Rep\u00fablica, Michel Temer, que perdeu a articula\u00e7\u00e3o pol\u00edtica. Um Temer mais distante de Dilma pode ser o in\u00edcio do rompimento entre o PMDB e o governo que tanto Cunha prega.  <\/p>\n<p><i>Bras\u00edlia, 00h01min<\/i>   <\/p>\n","protected":false},"excerpt":{"rendered":"<p>A presidente Dilma Rousseff n\u00e3o se cansa de destruir a pr\u00f3pria imagem \u2014 se \u00e9 que lhe resta alguma credibilidade. \u00c9 inacredit\u00e1vel que a chefe do Executivo venha a p\u00fablico e diga que n\u00e3o sabia da gravidade da crise econ\u00f4mica na qual o pa\u00eds est\u00e1 mergulhado, que foi surpreendida pouco antes das elei\u00e7\u00f5es do ano [&hellip;]<\/p>\n","protected":false},"author":22,"featured_media":0,"comment_status":"open","ping_status":"open","sticky":false,"template":"","format":"standard","meta":{"wpb_read_more":[],"footnotes":""},"categories":[1],"tags":[],"class_list":["post-174","post","type-post","status-publish","format-standard","hentry","category-sem-categoria"],"_links":{"self":[{"href":"https:\/\/blogs2.correiobraziliense.com.br\/vicente\/wp-json\/wp\/v2\/posts\/174","targetHints":{"allow":["GET"]}}],"collection":[{"href":"https:\/\/blogs2.correiobraziliense.com.br\/vicente\/wp-json\/wp\/v2\/posts"}],"about":[{"href":"https:\/\/blogs2.correiobraziliense.com.br\/vicente\/wp-json\/wp\/v2\/types\/post"}],"author":[{"embeddable":true,"href":"https:\/\/blogs2.correiobraziliense.com.br\/vicente\/wp-json\/wp\/v2\/users\/22"}],"replies":[{"embeddable":true,"href":"https:\/\/blogs2.correiobraziliense.com.br\/vicente\/wp-json\/wp\/v2\/comments?post=174"}],"version-history":[{"count":0,"href":"https:\/\/blogs2.correiobraziliense.com.br\/vicente\/wp-json\/wp\/v2\/posts\/174\/revisions"}],"wp:attachment":[{"href":"https:\/\/blogs2.correiobraziliense.com.br\/vicente\/wp-json\/wp\/v2\/media?parent=174"}],"wp:term":[{"taxonomy":"category","embeddable":true,"href":"https:\/\/blogs2.correiobraziliense.com.br\/vicente\/wp-json\/wp\/v2\/categories?post=174"},{"taxonomy":"post_tag","embeddable":true,"href":"https:\/\/blogs2.correiobraziliense.com.br\/vicente\/wp-json\/wp\/v2\/tags?post=174"}],"curies":[{"name":"wp","href":"https:\/\/api.w.org\/{rel}","templated":true}]}}