{"id":17424,"date":"2021-02-22T18:01:08","date_gmt":"2021-02-22T21:01:08","guid":{"rendered":"https:\/\/blogs2.correiobraziliense.com.br\/vicente\/?p=17424"},"modified":"2021-02-23T11:13:02","modified_gmt":"2021-02-23T14:13:02","slug":"bolsonaro-intervem-na-petrobras-mas-governo-fala-em-vender-estatais-para-repassar-dinheiro-aos-mais-pobres","status":"publish","type":"post","link":"https:\/\/blogs2.correiobraziliense.com.br\/vicente\/bolsonaro-intervem-na-petrobras-mas-governo-fala-em-vender-estatais-para-repassar-dinheiro-aos-mais-pobres\/","title":{"rendered":"Bolsonaro interv\u00e9m na Petrobras, mas governo fala em vender estatais para repassar dinheiro aos mais pobres"},"content":{"rendered":"<h2>A despeito da crise provocada pelo presidente Jair Bolsonaro, ao interferir na Petrobras e amea\u00e7ar &#8220;meter o dedo&#8221; no setor de energia, a equipe econ\u00f4mica est\u00e1 finalizando um projeto que prev\u00ea a cria\u00e7\u00e3o do dividendo social.<\/h2>\n<p>&nbsp;<\/p>\n<p>A meta \u00e9 vender estatais, pegar parte do dinheiro e abater d\u00edvida e e outra parte distribuir para os brasileiros mais pobres, atendidos pelos programas sociais do governo. &#8220;Isso \u00e9 muito melhor do que ficar sustentado estatais deficit\u00e1rias&#8221;, diz um integrante da equipe econ\u00f4mica.<\/p>\n<p>&nbsp;<\/p>\n<p>Esse mesmo t\u00e9cnico ressalta que as estatais que dependem do Tesouro Nacional consomem cerca de R$ 30 bilh\u00f5es por ano do Tesouro Nacional. &#8220;Com esse dinheiro, daria para, praticamente, dobrar o Bolsa Fam\u00edlia, que tem or\u00e7amento previsto para 2021 de R$ 34,8 bilh\u00f5es&#8221;, acrescenta.<\/p>\n<p>&nbsp;<\/p>\n<p>O problema ser\u00e1 convencer Bolsonaro a vender estatais, pois ele est\u00e1 cada vez mais estatizante e intervencionista. &#8220;Um bom argumento \u00e9 o de que ele estar\u00e1 dando dinheiro aos mais pobres, o que sempre resulta em aumento de popularidade&#8221;, emenda outro integrante da Esplanada.<\/p>\n<p>&nbsp;<\/p>\n<p>A equipe econ\u00f4mica reconhece que o lobby dentro do governo contra a privatiza\u00e7\u00e3o \u00e9 grande, pois as empresas servem de barganha pol\u00edtica, sobretudo na atual administra\u00e7\u00e3o, que est\u00e1 pendurada no Centr\u00e3o, grupo que re\u00fane os partidos mais fisiol\u00f3gicos do Congresso.<\/p>\n<p>&nbsp;<\/p>\n<p>H\u00e1, tamb\u00e9m, os militares, que defendem um Estado inchado, sob o argumento de que setores como o de petr\u00f3leo s\u00e3o estrat\u00e9gicos para o pa\u00eds. N\u00e3o por acaso, um general, Joaquim Silva e Luna, foi indicado para presidir a Petrobras com a miss\u00e3o de segurar os pre\u00e7os dos combust\u00edveis.<\/p>\n<p>&nbsp;<\/p>\n<p><em>Bras\u00edlia, 18h01min<\/em><\/p>\n","protected":false},"excerpt":{"rendered":"<p>A despeito da crise provocada pelo presidente Jair Bolsonaro, ao interferir na Petrobras e amea\u00e7ar &#8220;meter o dedo&#8221; no setor de energia, a equipe econ\u00f4mica est\u00e1 finalizando um projeto que prev\u00ea a cria\u00e7\u00e3o do dividendo social. &nbsp; A meta \u00e9 vender estatais, pegar parte do dinheiro e abater d\u00edvida e e outra parte distribuir para [&hellip;]<\/p>\n","protected":false},"author":22,"featured_media":17053,"comment_status":"open","ping_status":"closed","sticky":false,"template":"","format":"standard","meta":{"wpb_read_more":[],"footnotes":""},"categories":[600],"tags":[5212,589,5213,4547,2526,2787],"class_list":["post-17424","post","type-post","status-publish","format-standard","has-post-thumbnail","hentry","category-economia","tag-bolsonaro-intervem-na-petrobras","tag-economia","tag-mas-governo-fala-em-vender-estatais-para-repassar-dinheiro-aos-mais-pobres","tag-negocios","tag-poder","tag-politica"],"_links":{"self":[{"href":"https:\/\/blogs2.correiobraziliense.com.br\/vicente\/wp-json\/wp\/v2\/posts\/17424","targetHints":{"allow":["GET"]}}],"collection":[{"href":"https:\/\/blogs2.correiobraziliense.com.br\/vicente\/wp-json\/wp\/v2\/posts"}],"about":[{"href":"https:\/\/blogs2.correiobraziliense.com.br\/vicente\/wp-json\/wp\/v2\/types\/post"}],"author":[{"embeddable":true,"href":"https:\/\/blogs2.correiobraziliense.com.br\/vicente\/wp-json\/wp\/v2\/users\/22"}],"replies":[{"embeddable":true,"href":"https:\/\/blogs2.correiobraziliense.com.br\/vicente\/wp-json\/wp\/v2\/comments?post=17424"}],"version-history":[{"count":2,"href":"https:\/\/blogs2.correiobraziliense.com.br\/vicente\/wp-json\/wp\/v2\/posts\/17424\/revisions"}],"predecessor-version":[{"id":17426,"href":"https:\/\/blogs2.correiobraziliense.com.br\/vicente\/wp-json\/wp\/v2\/posts\/17424\/revisions\/17426"}],"wp:featuredmedia":[{"embeddable":true,"href":"https:\/\/blogs2.correiobraziliense.com.br\/vicente\/wp-json\/wp\/v2\/media\/17053"}],"wp:attachment":[{"href":"https:\/\/blogs2.correiobraziliense.com.br\/vicente\/wp-json\/wp\/v2\/media?parent=17424"}],"wp:term":[{"taxonomy":"category","embeddable":true,"href":"https:\/\/blogs2.correiobraziliense.com.br\/vicente\/wp-json\/wp\/v2\/categories?post=17424"},{"taxonomy":"post_tag","embeddable":true,"href":"https:\/\/blogs2.correiobraziliense.com.br\/vicente\/wp-json\/wp\/v2\/tags?post=17424"}],"curies":[{"name":"wp","href":"https:\/\/api.w.org\/{rel}","templated":true}]}}