{"id":17438,"date":"2021-02-25T17:01:26","date_gmt":"2021-02-25T20:01:26","guid":{"rendered":"https:\/\/blogs2.correiobraziliense.com.br\/vicente\/?p=17438"},"modified":"2021-02-25T18:24:04","modified_gmt":"2021-02-25T21:24:04","slug":"os-caminhoneiros-sao-nossos-diz-um-dos-ministros-mais-proximos-de-bolsonaro","status":"publish","type":"post","link":"https:\/\/blogs2.correiobraziliense.com.br\/vicente\/os-caminhoneiros-sao-nossos-diz-um-dos-ministros-mais-proximos-de-bolsonaro\/","title":{"rendered":"&#8220;Os caminhoneiros s\u00e3o nossos&#8221;, diz um dos ministros mais pr\u00f3ximos de Bolsonaro"},"content":{"rendered":"<h2>Quem se atreve a perguntar para integrantes do Pal\u00e1cio do Planalto os motivos que levaram o presidente Jair Bolsonaro a demitir Roberto Castello Banco da presid\u00eancia da Petrobras recebe de pronto a resposta de um ministro: &#8220;Os caminhoneiros s\u00e3o nossos&#8221;. Entre perder o apoio deles e defenestrar Castello Branco, Bolsonaro nem pestanejou.<\/h2>\n<p>&nbsp;<\/p>\n<p>O mesmo ministro ressalta que, h\u00e1 meses, o presidente da Rep\u00fablica vinha recebendo queixas dos caminhoneiros contra Castello Branco, pelas contantes altas dos pre\u00e7os do diesel. As reclama\u00e7\u00f5es foram repassadas ao ministro da Economia, Paulo Guedes, que tentou contemporizar o assunto, dando sobrevida ao executivo.<\/p>\n<p>&nbsp;<\/p>\n<p>O caldo, no entanto, entornou quando o ainda presidente da Petrobras disse que os caminhoneiros n\u00e3o eram problema da estatal. Irritad\u00edssimos, os l\u00edderes da categoria fizeram chegar a Bolsonaro que, ou ele demitiria Castello Branco, ou os caminhoneiros transformariam a vida do governo em um inferno.<\/p>\n<p>&nbsp;<\/p>\n<p><strong>Demiss\u00e3o foi ato pol\u00edtico<\/strong><\/p>\n<p>&nbsp;<\/p>\n<p>Bolsonaro conversou pessoalmente com alguns l\u00edderes dos caminhoneiros e prometeu fazer rapidamente a troca no comando da Petrobras e mexer na pol\u00edtica de reajustes dos combust\u00edveis, que passar\u00e3o a ser mais espa\u00e7ados, n\u00e3o com a frequ\u00eancia de agora. Somente neste ano, os pre\u00e7os da gasolina subiram quatro vezes e os do diesel, tr\u00eas, acumulando alta, respectivamente, de 27,5% e 32%.<\/p>\n<p>&nbsp;<\/p>\n<p>&#8220;Portanto, a demiss\u00e3o de Castello Branco foi um ato pol\u00edtico. O presidente n\u00e3o quer mexer com seus grupos de apoio, pois precisar\u00e1 deles para a reelei\u00e7\u00e3o de 2022&#8221;, acrescenta o ministro. Mais: Paulo Guedes foi avisado, antecipadamente, da troca de comando da Petrobras, e n\u00e3o se op\u00f4s.<\/p>\n<p>&nbsp;<\/p>\n<p>Na vis\u00e3o de Guedes, o presidente tem todo o direito de preservar suas bases de apoio. E os caminhoneiros precisam ficar do lado de Bolsonaro. Como diz o ministro do Planalto, muitos diziam que o chefe da \u00e1rea econ\u00f4mica &#8220;guedezaria&#8221; Bolsonaro, mas foi Guedes que &#8220;bolsonarizou&#8221;.<\/p>\n<p>&nbsp;<\/p>\n<p>Ou seja, o ministro da Economia est\u00e1 t\u00e3o empenhado quanto Bolsonaro em garantir mais quatro anos de mandato para o atual grupo de poder. Que ningu\u00e9m tenha ilus\u00e3o de Guedes ser um empecilho para o populismo de Bolsonaro. O que tiver de ser feito para garantir a continuidade do presidente do Planalto ser\u00e1 feito, sob o sil\u00eancio ensurdecedor do ministro da Economia, como se v\u00ea, agora, no caso Petrobras.<\/p>\n<p>&nbsp;<\/p>\n<p><em>Bras\u00edlia, 17h01min<\/em><\/p>\n","protected":false},"excerpt":{"rendered":"<p>Quem se atreve a perguntar para integrantes do Pal\u00e1cio do Planalto os motivos que levaram o presidente Jair Bolsonaro a demitir Roberto Castello Banco da presid\u00eancia da Petrobras recebe de pronto a resposta de um ministro: &#8220;Os caminhoneiros s\u00e3o nossos&#8221;. Entre perder o apoio deles e defenestrar Castello Branco, Bolsonaro nem pestanejou. &nbsp; O mesmo [&hellip;]<\/p>\n","protected":false},"author":22,"featured_media":15234,"comment_status":"open","ping_status":"closed","sticky":false,"template":"","format":"standard","meta":{"wpb_read_more":[],"footnotes":""},"categories":[600],"tags":[5219,5220,589,4547,5218,2787],"class_list":["post-17438","post","type-post","status-publish","format-standard","has-post-thumbnail","hentry","category-economia","tag-os-caminhoneiros-sao-nossos","tag-diz-um-dos-ministros-mais-proximos-de-bolsonaro","tag-economia","tag-negocios","tag-poder-brasilia","tag-politica"],"_links":{"self":[{"href":"https:\/\/blogs2.correiobraziliense.com.br\/vicente\/wp-json\/wp\/v2\/posts\/17438","targetHints":{"allow":["GET"]}}],"collection":[{"href":"https:\/\/blogs2.correiobraziliense.com.br\/vicente\/wp-json\/wp\/v2\/posts"}],"about":[{"href":"https:\/\/blogs2.correiobraziliense.com.br\/vicente\/wp-json\/wp\/v2\/types\/post"}],"author":[{"embeddable":true,"href":"https:\/\/blogs2.correiobraziliense.com.br\/vicente\/wp-json\/wp\/v2\/users\/22"}],"replies":[{"embeddable":true,"href":"https:\/\/blogs2.correiobraziliense.com.br\/vicente\/wp-json\/wp\/v2\/comments?post=17438"}],"version-history":[{"count":1,"href":"https:\/\/blogs2.correiobraziliense.com.br\/vicente\/wp-json\/wp\/v2\/posts\/17438\/revisions"}],"predecessor-version":[{"id":17439,"href":"https:\/\/blogs2.correiobraziliense.com.br\/vicente\/wp-json\/wp\/v2\/posts\/17438\/revisions\/17439"}],"wp:featuredmedia":[{"embeddable":true,"href":"https:\/\/blogs2.correiobraziliense.com.br\/vicente\/wp-json\/wp\/v2\/media\/15234"}],"wp:attachment":[{"href":"https:\/\/blogs2.correiobraziliense.com.br\/vicente\/wp-json\/wp\/v2\/media?parent=17438"}],"wp:term":[{"taxonomy":"category","embeddable":true,"href":"https:\/\/blogs2.correiobraziliense.com.br\/vicente\/wp-json\/wp\/v2\/categories?post=17438"},{"taxonomy":"post_tag","embeddable":true,"href":"https:\/\/blogs2.correiobraziliense.com.br\/vicente\/wp-json\/wp\/v2\/tags?post=17438"}],"curies":[{"name":"wp","href":"https:\/\/api.w.org\/{rel}","templated":true}]}}