{"id":1745,"date":"2016-06-29T23:32:32","date_gmt":"2016-06-30T02:32:32","guid":{"rendered":"https:\/\/blogs2.correiobraziliense.com.br\/vicente\/?p=1745"},"modified":"2016-07-08T10:07:52","modified_gmt":"2016-07-08T13:07:52","slug":"as-tres-perguntas-que-nao-querem-calar","status":"publish","type":"post","link":"https:\/\/blogs2.correiobraziliense.com.br\/vicente\/as-tres-perguntas-que-nao-querem-calar\/","title":{"rendered":"As tr\u00eas perguntas que n\u00e3o querem calar"},"content":{"rendered":"<p>A equipe econ\u00f4mica est\u00e1 inquieta sobre os rumos do pa\u00eds. Apesar de compreender que o tempo pol\u00edtico \u00e9 muito diferente do que o tempo que todos desejam, \u00a0tr\u00eas perguntas andam dominando o debate no Minist\u00e9rio da Fazenda: quando o Brasil voltar\u00e1 a crescer, quanto o pa\u00eds quer crescer e qual ser\u00e1 o crescimento efetivo do Produto Interno Bruto (PIB).<\/p>\n<p>&nbsp;<\/p>\n<p>Os questionamentos t\u00eam a ver com as medidas que o Congresso precisa aprovar para resgatar a confian\u00e7a dos agentes econ\u00f4micos. O mais importante dos projetos \u00e0 espera de vota\u00e7\u00e3o \u00e9 o que limita o aumento dos gastos \u00e0 infla\u00e7\u00e3o do ano anterior. Apesar de os ganhos relativos \u00e0 Proposta de Emenda \u00e0 Constitui\u00e7\u00e3o (PEC) terem sido alardeados com vigor pelo ministro da Fazenda, Henrique Meirrelles, nenhum sinal efetivo foi emitido pelos paramentardes quanto \u00e0 aprova\u00e7\u00e3o do teto para as despesas.<\/p>\n<p>&nbsp;<\/p>\n<p>A equipe de Meirelles admite que, enquanto a resposta do Congresso n\u00e3o vier, n\u00e3o adianta esperar uma rea\u00e7\u00e3o mais forte da atividade. O ministro tem usado muitos de seus discursos p\u00fablicos para espalhar um sentimento positivo em rela\u00e7\u00e3o \u00e0 economia, mas esse movimento tem pouco efeito pr\u00e1tico. Pode at\u00e9 estimular uma sensa\u00e7\u00e3o de esperan\u00e7a para a retomada da confian\u00e7a, mas as amarras continuam presentes. O n\u00f3 fiscal impede a\u00e7\u00f5es efetivas, como a queda da taxa b\u00e1sica de juros (Selic), que est\u00e1 em 14,25% h\u00e1 um ano.<\/p>\n<p>&nbsp;<\/p>\n<p>Para os t\u00e9cnicos da equipe chefiada por Meirelles, chegou a hora de o Brasil virar o disco, sair do discurso da crise e voltar a falar em crescimento econ\u00f4mico. Mas eles reconhecem que o governo e, sobretudo, o Congresso precisam dar suas cotas de contribui\u00e7\u00e3o. At\u00e9 agora, as promessas t\u00eam sido maiores do que fatos concretos. Por isso, est\u00e1 t\u00e3o dif\u00edcil responder as tr\u00eas perguntas que n\u00e3o querem calar.<\/p>\n<p>&nbsp;<\/p>\n<p>Supondo que o Congresso n\u00e3o responda na velocidade que se espera, ser\u00e1 poss\u00edvel tra\u00e7ar o diagn\u00f3stico do pa\u00eds sem medo de errar. A economia patinar\u00e1, com crescimento minguado, insuficiente para reverter o desemprego que atinge 11,4 milh\u00f5es de pessoas e para elevar a renda, que vem desabando. O governo, destacam auxiliares de Meirelles, n\u00e3o pode se contentar com o quadro desolador que prevalece hoje. H\u00e1 uma enorme insatisfa\u00e7\u00e3o popular com tudo o que se est\u00e1 vendo no pa\u00eds &#8212; roubalheira, corrup\u00e7\u00e3o, viol\u00eancia excessiva e falta de perspectivas. E isso, com certeza, n\u00e3o \u00e9 bom para quem quer se manter no poder.<\/p>\n<p>&nbsp;<\/p>\n<p><i>Bras\u00edlia, 22h48min<\/i><\/p>\n","protected":false},"excerpt":{"rendered":"<p>A equipe econ\u00f4mica est\u00e1 inquieta sobre os rumos do pa\u00eds. Apesar de compreender que o tempo pol\u00edtico \u00e9 muito diferente do que o tempo que todos desejam, \u00a0tr\u00eas perguntas andam dominando o debate no Minist\u00e9rio da Fazenda: quando o Brasil voltar\u00e1 a crescer, quanto o pa\u00eds quer crescer e qual ser\u00e1 o crescimento efetivo do [&hellip;]<\/p>\n","protected":false},"author":22,"featured_media":0,"comment_status":"open","ping_status":"closed","sticky":false,"template":"","format":"standard","meta":{"wpb_read_more":[],"footnotes":""},"categories":[600,1],"tags":[254,113,486,21,485,111,487],"class_list":["post-1745","post","type-post","status-publish","format-standard","hentry","category-economia","category-sem-categoria","tag-congresso","tag-crescimento","tag-falta-de-perspectivas","tag-henrique-meirelles","tag-marasmo","tag-michel-temer","tag-perguntas"],"_links":{"self":[{"href":"https:\/\/blogs2.correiobraziliense.com.br\/vicente\/wp-json\/wp\/v2\/posts\/1745","targetHints":{"allow":["GET"]}}],"collection":[{"href":"https:\/\/blogs2.correiobraziliense.com.br\/vicente\/wp-json\/wp\/v2\/posts"}],"about":[{"href":"https:\/\/blogs2.correiobraziliense.com.br\/vicente\/wp-json\/wp\/v2\/types\/post"}],"author":[{"embeddable":true,"href":"https:\/\/blogs2.correiobraziliense.com.br\/vicente\/wp-json\/wp\/v2\/users\/22"}],"replies":[{"embeddable":true,"href":"https:\/\/blogs2.correiobraziliense.com.br\/vicente\/wp-json\/wp\/v2\/comments?post=1745"}],"version-history":[{"count":1,"href":"https:\/\/blogs2.correiobraziliense.com.br\/vicente\/wp-json\/wp\/v2\/posts\/1745\/revisions"}],"predecessor-version":[{"id":1746,"href":"https:\/\/blogs2.correiobraziliense.com.br\/vicente\/wp-json\/wp\/v2\/posts\/1745\/revisions\/1746"}],"wp:attachment":[{"href":"https:\/\/blogs2.correiobraziliense.com.br\/vicente\/wp-json\/wp\/v2\/media?parent=1745"}],"wp:term":[{"taxonomy":"category","embeddable":true,"href":"https:\/\/blogs2.correiobraziliense.com.br\/vicente\/wp-json\/wp\/v2\/categories?post=1745"},{"taxonomy":"post_tag","embeddable":true,"href":"https:\/\/blogs2.correiobraziliense.com.br\/vicente\/wp-json\/wp\/v2\/tags?post=1745"}],"curies":[{"name":"wp","href":"https:\/\/api.w.org\/{rel}","templated":true}]}}