{"id":17454,"date":"2021-02-28T16:01:22","date_gmt":"2021-02-28T19:01:22","guid":{"rendered":"https:\/\/blogs2.correiobraziliense.com.br\/vicente\/?p=17454"},"modified":"2021-02-28T21:03:37","modified_gmt":"2021-03-01T00:03:37","slug":"o-encontro-da-economia-com-bolsonaro-recessao-inflacao-juros-em-alta-desemprego","status":"publish","type":"post","link":"https:\/\/blogs2.correiobraziliense.com.br\/vicente\/o-encontro-da-economia-com-bolsonaro-recessao-inflacao-juros-em-alta-desemprego\/","title":{"rendered":"O encontro da economia com Bolsonaro: recess\u00e3o, infla\u00e7\u00e3o, juros em alta, desemprego"},"content":{"rendered":"<h2>Dois t\u00e9cnicos muito conceituados da equipe econ\u00f4mica admitem que o presidente Jair Bolsonaro est\u00e1 cavando um grande buraco no qual vai afundar em breve. Ser\u00e1 o encontro do presidente com a economia. A partir de agora, s\u00f3 not\u00edcias ruins est\u00e3o por vir: infla\u00e7\u00e3o mais alta, juros subindo, recess\u00e3o, com queda do Produto Interno Bruto (PIB) no primeiro e no segundo trimestres, al\u00e9m de mais desemprego e confian\u00e7a dos consumidores em baixa.<\/h2>\n<p>&nbsp;<\/p>\n<p>Na vis\u00e3o desses t\u00e9cnicos, tudo ficaria mais f\u00e1cil se o presidente descesse do palanque de 2022 e jogasse seu negacionismo fora. Apoiasse a vacina\u00e7\u00e3o em massa da popula\u00e7\u00e3o e pregasse a concilia\u00e7\u00e3o do pa\u00eds. Com isso, minimizaria os impactos da pandemia do novo coronav\u00edrus no sistema de sa\u00fade e na economia. Mais: sustentaria um ambiente de confian\u00e7a no qual, mesmo com todas as dificuldades trazidas pela crise sanit\u00e1ria, os investimentos produtivos voltariam com for\u00e7a. O resultado seria mais emprego e renda.<\/p>\n<p>&nbsp;<\/p>\n<p>Como nada disso vai acontecer, os dois t\u00e9cnicos, que n\u00e3o escondem a decep\u00e7\u00e3o com o ministro Paulo Guedes, dizem que uma tempestade perfeita est\u00e1 pronta para abater o pa\u00eds e engolfar o presidente da Rep\u00fablica. No quadro mais sombrio tra\u00e7ado por eles, a infla\u00e7\u00e3o encerrar\u00e1 o ano acima de 6%, o Banco Central ter\u00e1 de levar os juros a pelo menos 7%, dos atuais 2% ao ano, e o d\u00f3lar passar\u00e1 de R$ 6, com forte fuga de capitais do pa\u00eds. O mais assustador, no entanto, \u00e9 a possibilidade de o Brasil registar m\u00e9dia di\u00e1ria de 2 mil mortos pela covid j\u00e1 em mar\u00e7o.<\/p>\n<p>&nbsp;<\/p>\n<p><strong>Fugindo da responsabilidade<\/strong><\/p>\n<p>&nbsp;<\/p>\n<p>Bolsonaro, como sempre, vai tentar empurrar a culpa desse desastre anunciado para prefeitos e governadores, que v\u00eam adotando medidas mais restritivas para conter a dissemina\u00e7\u00e3o do novo coronav\u00edrus. Vai pagar mais quatro parcelas do aux\u00edlio emergencial, cada uma de R$ 250, mas, no entender dos t\u00e9cnicos, dificilmente isso aplacar\u00e1 o mau-humor da maioria da popula\u00e7\u00e3o em rela\u00e7\u00e3o ao governo. A popularidade do presidente despencar\u00e1 novamente.<\/p>\n<p>&nbsp;<\/p>\n<p>Para os t\u00e9cnicos da equipe econ\u00f4mica, o entorno de Bolsonaro dir\u00e1 que o quadro econ\u00f4mico desfavor\u00e1vel passar\u00e1 logo e que, quando 2022 chegar, o presidente ser\u00e1 carregado no colo rumo \u00e0 reelei\u00e7\u00e3o. O problema \u00e9 que todas as pontes para restabelecer os sinais vitais da economia estar\u00e3o em escombros. Ser\u00e1 dif\u00edcil falar em crescimento superior a 2% mesmo sobre uma base muito baixa.<\/p>\n<p>&nbsp;<\/p>\n<p>\u201cEnfim, por total falta de bom senso, o presidente est\u00e1 destruindo boa parte das chances de permanecer mais quatro anos no Pal\u00e1cio do Planalto. Est\u00e1 empurrando a economia contra ele\u201d, diz um dos t\u00e9cnicos. \u201cHoje, Bolsonaro pode at\u00e9 ser o favorito para as elei\u00e7\u00f5es de 2022. Mas nenhum candidato pode ter a economia como principal advers\u00e1rio. E o presidente est\u00e1 criando um monstro\u201d, acrescenta o outro.<\/p>\n<p>&nbsp;<\/p>\n<p><i>Bras\u00edlia, 16h0min<\/i><\/p>\n","protected":false},"excerpt":{"rendered":"<p>Dois t\u00e9cnicos muito conceituados da equipe econ\u00f4mica admitem que o presidente Jair Bolsonaro est\u00e1 cavando um grande buraco no qual vai afundar em breve. Ser\u00e1 o encontro do presidente com a economia. A partir de agora, s\u00f3 not\u00edcias ruins est\u00e3o por vir: infla\u00e7\u00e3o mais alta, juros subindo, recess\u00e3o, com queda do Produto Interno Bruto (PIB) [&hellip;]<\/p>\n","protected":false},"author":22,"featured_media":10126,"comment_status":"open","ping_status":"closed","sticky":false,"template":"","format":"standard","meta":{"wpb_read_more":[],"footnotes":""},"categories":[600],"tags":[71,589,4,5227,2526,2787],"class_list":["post-17454","post","type-post","status-publish","format-standard","has-post-thumbnail","hentry","category-economia","tag-desemprego","tag-economia","tag-juros","tag-o-encontro-de-bolsonaro-com-a-economia-inflacao","tag-poder","tag-politica"],"_links":{"self":[{"href":"https:\/\/blogs2.correiobraziliense.com.br\/vicente\/wp-json\/wp\/v2\/posts\/17454","targetHints":{"allow":["GET"]}}],"collection":[{"href":"https:\/\/blogs2.correiobraziliense.com.br\/vicente\/wp-json\/wp\/v2\/posts"}],"about":[{"href":"https:\/\/blogs2.correiobraziliense.com.br\/vicente\/wp-json\/wp\/v2\/types\/post"}],"author":[{"embeddable":true,"href":"https:\/\/blogs2.correiobraziliense.com.br\/vicente\/wp-json\/wp\/v2\/users\/22"}],"replies":[{"embeddable":true,"href":"https:\/\/blogs2.correiobraziliense.com.br\/vicente\/wp-json\/wp\/v2\/comments?post=17454"}],"version-history":[{"count":3,"href":"https:\/\/blogs2.correiobraziliense.com.br\/vicente\/wp-json\/wp\/v2\/posts\/17454\/revisions"}],"predecessor-version":[{"id":17458,"href":"https:\/\/blogs2.correiobraziliense.com.br\/vicente\/wp-json\/wp\/v2\/posts\/17454\/revisions\/17458"}],"wp:featuredmedia":[{"embeddable":true,"href":"https:\/\/blogs2.correiobraziliense.com.br\/vicente\/wp-json\/wp\/v2\/media\/10126"}],"wp:attachment":[{"href":"https:\/\/blogs2.correiobraziliense.com.br\/vicente\/wp-json\/wp\/v2\/media?parent=17454"}],"wp:term":[{"taxonomy":"category","embeddable":true,"href":"https:\/\/blogs2.correiobraziliense.com.br\/vicente\/wp-json\/wp\/v2\/categories?post=17454"},{"taxonomy":"post_tag","embeddable":true,"href":"https:\/\/blogs2.correiobraziliense.com.br\/vicente\/wp-json\/wp\/v2\/tags?post=17454"}],"curies":[{"name":"wp","href":"https:\/\/api.w.org\/{rel}","templated":true}]}}