{"id":175,"date":"2015-08-27T00:10:00","date_gmt":"2015-08-27T03:10:00","guid":{"rendered":"https:\/\/blogs2.correiobraziliense.com.br\/vicente\/cadaver_insepulto\/"},"modified":"2015-08-27T00:10:00","modified_gmt":"2015-08-27T03:10:00","slug":"cadaver_insepulto","status":"publish","type":"post","link":"https:\/\/blogs2.correiobraziliense.com.br\/vicente\/cadaver_insepulto\/","title":{"rendered":"CAD\u00c1VER INSEPULTO"},"content":{"rendered":"\n<p>Nas mesas de bar, nas filas de supermercados, nos consult\u00f3rios m\u00e9dicos, na Esplanada dos Minist\u00e9rios, em todos os lugares a que se v\u00e1, a sensa\u00e7\u00e3o \u00e9 uma s\u00f3: ningu\u00e9m confia mais no governo Dilma Rousseff. Mesmo os petistas mais aguerridos admitem que a atual administra\u00e7\u00e3o criou um clima t\u00e3o ruim, que n\u00e3o se sabe se o pa\u00eds conseguir\u00e1 suportar, por mais tr\u00eas anos, conviver com um cad\u00e1ver insepulto.&nbsp;A desconfian\u00e7a n\u00e3o nasceu por acaso ou por implic\u00e2ncia gratuita com a presidente. Ela \u00e9 fruto exclusivo de um governo marcado pela incompet\u00eancia e pela arrog\u00e2ncia. Dilma e v\u00e1rios de seus ministros desrespeitaram regras b\u00e1sicas da economia, plantaram e colheram infla\u00e7\u00e3o, destru\u00edram as contas p\u00fablicas, minaram a credibilidade do Banco Central, cederam a lobbies poderosos e, pior, detonaram uma crise pol\u00edtica que paralisou o Brasil. Tudo, \u00e9 claro, regado \u00e0 corrup\u00e7\u00e3o que destruiu a Petrobras e foi desvendada pela Opera\u00e7\u00e3o Lava-Jato.&nbsp;J\u00e1 em 2014, com Dilma candidata \u00e0 reelei\u00e7\u00e3o, a desconfian\u00e7a come\u00e7ava a fincar ra\u00edzes no pa\u00eds. As empresas, mais conscientes dos problemas criados pelo governo, pisaram no freio e suspenderam os investimentos. Passaram a temer que o pa\u00eds mergulhasse em uma profunda recess\u00e3o e f\u00e1bricas que haviam sido ampliadas se tornassem um sorvedouro de dinheiro, devido \u00e0 queda nas vendas. Estavam mais do que certas.&nbsp;Do lado dos consumidores, por\u00e9m, a sensa\u00e7\u00e3o de bem-estar constru\u00edda nos anos anteriores impedia que muitos percebessem que o governo estava levando o pa\u00eds para o atoleiro. A renda ainda cresceu forte em 2014, as negocia\u00e7\u00f5es salariais garantiram bom refor\u00e7o nos contracheques e o desemprego era apenas uma amea\u00e7a. Muita dessa falsa vis\u00e3o de que tudo estava indo bem foi estimulada pelo Pal\u00e1cio do Planalto por meio de incentivos ao consumo que quebraram o Tesouro Nacional. Foi em cima desse quadro ilus\u00f3rio, que Dilma fez o diabo para se reeleger.&nbsp;Quando 2015 chegou, o desastre estava consumado. A popula\u00e7\u00e3o se deu conta de que havia sido v\u00edtima de um estelionato eleitoral. Mas j\u00e1 era tarde. Restou aos consumidores a fatura da engana\u00e7\u00e3o: aumentos superiores a 50% na conta de luz, reajustes dos combust\u00edveis, infla\u00e7\u00e3o de quase 10%, renda corro\u00edda, juros abusivos e desemprego nas alturas \u2014 somente nos primeiros sete meses deste ano, pelo menos 500 mil empregos com carteira assinada foram fechados.&nbsp;Diante desse quadro, reconhece o economista S\u00edlvio Campos Neto, da Consultoria Tend\u00eancias, n\u00e3o h\u00e1 como se falar em retomada da confian\u00e7a, que est\u00e1 nos n\u00edveis mais baixos da hist\u00f3ria, tanto entre as empresas quanto entre os consumidores. N\u00e3o neste ano, nem em 2016. \u201cA sociedade est\u00e1 muito pessimista. Sabe que a recess\u00e3o na qual o pa\u00eds est\u00e1 mergulhado ser\u00e1 pesada, com consequ\u00eancias ruins, como o aumento do desemprego\u201d, explica.&nbsp;Na avalia\u00e7\u00e3o dele, ainda que o n\u00edvel da atividade volte a melhorar em meados do ano que vem, levar\u00e1 tempo para que o mercado de trabalho se recupere. \u201cCom um \u00edndice de desocupa\u00e7\u00e3o elevado, mesmo que a infla\u00e7\u00e3o caia um pouco, \u00e9 dif\u00edcil ver a popula\u00e7\u00e3o mais otimista. As pessoas n\u00e3o conseguem ficar felizes quando o bolso n\u00e3o vai bem\u201d, acrescenta.&nbsp;<b>Chantagens pol\u00edticas<\/b>&nbsp;H\u00e1 ainda a corrup\u00e7\u00e3o. N\u00e3o h\u00e1 como as pessoas comuns dissociarem o governo da roubalheira da Petrobras. O entendimento \u00e9 de que Dilma e o PT transformaram o governo em um balc\u00e3o de neg\u00f3cios no qual o \u00fanico beneficiado foi o partido da presidente. Enquanto isso, as escolas est\u00e3o sucateadas, a sa\u00fade n\u00e3o atende \u00e0s necessidades b\u00e1sicas da popula\u00e7\u00e3o e a seguran\u00e7a p\u00fablica \u00e9 uma piada.&nbsp;Nas ruas, Dilma est\u00e1 sendo vista como um misto de Collor de Mello, deposto por ter montado no governo um brutal esquema de corrup\u00e7\u00e3o, com Jos\u00e9 Sarney, que traiu os eleitores ao liberar os pre\u00e7os retidos pelo Plano Cruzado logo depois das elei\u00e7\u00f5es que fizeram de seu partido, o PMDB, o grande vencedor da disputa. A partir da\u00ed, Sarney se tornou um morto-vivo, tendo de se render \u00e0s chantagens pol\u00edticas para se manter no cargo, e o pa\u00eds mergulhou de vez na hiperinfla\u00e7\u00e3o.&nbsp;Dilma est\u00e1 t\u00e3o pr\u00f3xima de Collor, que, neste ano, o Produto Interno Bruto (PIB) ter\u00e1 queda superior a 2%, a maior desde 1990, quando a economia tombou 4%, devido \u00e0 desastrosa pol\u00edtica de confisco da caderneta de poupan\u00e7a. \u00c9 poss\u00edvel que a petista, como o atual senador alagoano, venha a ser afastada do poder por meio do impeachment. Mesmo que isso n\u00e3o aconte\u00e7a e que ela n\u00e3o renuncie, n\u00e3o h\u00e1 como esperar a recupera\u00e7\u00e3o do pa\u00eds. Mantida no Planalto, Dilma sangrar\u00e1 e o Brasil ficar\u00e1 condenado a ter mais uma d\u00e9cada perdida.<b>  <\/p>\n<p><\/b><b>Demiss\u00e3o e racionalidade<\/b>&nbsp;\u00bb De novo, foram fortes os boatos sobre uma poss\u00edvel sa\u00edda de Joaquim Levy do Minist\u00e9rio da Fazenda. H\u00e1 quem diga que, dado o quadro atual, ele j\u00e1 n\u00e3o far\u00e1 mais diferen\u00e7a. Mas, para S\u00edlvio Campos Neto, da Tend\u00eancias, Levy, a despeito de estar mais fraco, continua pe\u00e7a vital para garantir o m\u00ednimo de racionalidade no governo.  <\/p>\n<p><b>Investimento de R$ 30 milh\u00f5es<\/b>&nbsp;\u00bb A WTorre lan\u00e7ar\u00e1, no primeiro semestre de 2016, seu primeiro projeto em Goi\u00e1s. Em parceria com a Swiss Park, a empresa construir\u00e1 um bairro planejado na Cidade Ocidental, munic\u00edpio pr\u00f3ximo \u00e0 divisa com o Distrito Federal. O empreendimento ocupar\u00e1 um terreno de 670 mil metros\u00b2 e dever\u00e1 faturar mais de R$ 100 milh\u00f5es. O investimento no projeto \u00e9 de aproximadamente R$ 30 milh\u00f5es.<i>  <\/p>\n<p><\/i><i>Bras\u00edlia, 00h10min<\/i>   <\/p>\n","protected":false},"excerpt":{"rendered":"<p>Nas mesas de bar, nas filas de supermercados, nos consult\u00f3rios m\u00e9dicos, na Esplanada dos Minist\u00e9rios, em todos os lugares a que se v\u00e1, a sensa\u00e7\u00e3o \u00e9 uma s\u00f3: ningu\u00e9m confia mais no governo Dilma Rousseff. Mesmo os petistas mais aguerridos admitem que a atual administra\u00e7\u00e3o criou um clima t\u00e3o ruim, que n\u00e3o se sabe se [&hellip;]<\/p>\n","protected":false},"author":22,"featured_media":0,"comment_status":"open","ping_status":"open","sticky":false,"template":"","format":"standard","meta":{"wpb_read_more":[],"footnotes":""},"categories":[1],"tags":[],"class_list":["post-175","post","type-post","status-publish","format-standard","hentry","category-sem-categoria"],"_links":{"self":[{"href":"https:\/\/blogs2.correiobraziliense.com.br\/vicente\/wp-json\/wp\/v2\/posts\/175","targetHints":{"allow":["GET"]}}],"collection":[{"href":"https:\/\/blogs2.correiobraziliense.com.br\/vicente\/wp-json\/wp\/v2\/posts"}],"about":[{"href":"https:\/\/blogs2.correiobraziliense.com.br\/vicente\/wp-json\/wp\/v2\/types\/post"}],"author":[{"embeddable":true,"href":"https:\/\/blogs2.correiobraziliense.com.br\/vicente\/wp-json\/wp\/v2\/users\/22"}],"replies":[{"embeddable":true,"href":"https:\/\/blogs2.correiobraziliense.com.br\/vicente\/wp-json\/wp\/v2\/comments?post=175"}],"version-history":[{"count":0,"href":"https:\/\/blogs2.correiobraziliense.com.br\/vicente\/wp-json\/wp\/v2\/posts\/175\/revisions"}],"wp:attachment":[{"href":"https:\/\/blogs2.correiobraziliense.com.br\/vicente\/wp-json\/wp\/v2\/media?parent=175"}],"wp:term":[{"taxonomy":"category","embeddable":true,"href":"https:\/\/blogs2.correiobraziliense.com.br\/vicente\/wp-json\/wp\/v2\/categories?post=175"},{"taxonomy":"post_tag","embeddable":true,"href":"https:\/\/blogs2.correiobraziliense.com.br\/vicente\/wp-json\/wp\/v2\/tags?post=175"}],"curies":[{"name":"wp","href":"https:\/\/api.w.org\/{rel}","templated":true}]}}