{"id":17596,"date":"2021-03-16T12:14:59","date_gmt":"2021-03-16T15:14:59","guid":{"rendered":"https:\/\/blogs2.correiobraziliense.com.br\/vicente\/?p=17596"},"modified":"2021-03-16T22:37:29","modified_gmt":"2021-03-17T01:37:29","slug":"ministro-pede-prioridade-para-vacinacao-de-quase-3-milhoes-de-professores-para-volta-de-aulas-presenciais","status":"publish","type":"post","link":"https:\/\/blogs2.correiobraziliense.com.br\/vicente\/ministro-pede-prioridade-para-vacinacao-de-quase-3-milhoes-de-professores-para-volta-de-aulas-presenciais\/","title":{"rendered":"Ministro pede prioridade para vacina\u00e7\u00e3o de quase 3 milh\u00f5es de professores para volta de aulas presenciais"},"content":{"rendered":"<h2>O ministro da Educa\u00e7\u00e3o, Milton Ribeiro, pediu ao novo ministro da Sa\u00fade, Marcelo Queiroga, que o governo d\u00ea prioridade para a vacina\u00e7\u00e3o contra a covid-19 de cerca de 3 milh\u00f5es de professores para que as aulas presenciais possam ser retomadas o mais rapidamente poss\u00edvel.<\/h2>\n<p>&nbsp;<\/p>\n<p>Ribeiro, que foi pessoalmente ao Minist\u00e9rio da Sa\u00fade nesta ter\u00e7a-feira (16\/03), falou tanto com Queiroga quanto com o general Eduardo Pazuello, demitido pelo presidente Jair Bolsonaro. No entender do chefe da pasta da Educa\u00e7\u00e3o, al\u00e9m dos professores, todos os profissionais que atuam nas escolas, como merendeiras, tamb\u00e9m devem ter prioridade na vacina\u00e7\u00e3o.<\/p>\n<p>&nbsp;<\/p>\n<p>Ele destacou que a meta \u00e9 de que a imuniza\u00e7\u00e3o dos professores e de demais profissionais da educa\u00e7\u00e3o ocorra ainda em abril, no m\u00e1ximo, in\u00edcio de maio. &#8220;S\u00e3o mais de 70 milh\u00f5es de alunos \u00e0 espera da retomada das aulas presenciais&#8221;, destacou o ministro.<\/p>\n<p>&nbsp;<\/p>\n<p>Segundo Ribeiro, esse pedido foi feito pelos secret\u00e1rios estaduais de Educa\u00e7\u00e3o. A primeira requisi\u00e7\u00e3o para prioridade na vacina\u00e7\u00e3o dos professores foi feita em outubro de 2020, mas n\u00e3o houve resposta por parte do Minist\u00e9rio da Sa\u00fade. &#8220;Agora, vim refor\u00e7ar o pedido&#8221;, disse.<\/p>\n<p>&nbsp;<\/p>\n<p><strong>Promessa de rapidez<\/strong><\/p>\n<p>&nbsp;<\/p>\n<p>Representantes do Minist\u00e9rio da Sa\u00fade afirmaram a Ribeiro que o pedido est\u00e1 sendo analisado e uma resposta ser\u00e1 dada em breve. &#8220;Cabe ao Minist\u00e9rio da Educa\u00e7\u00e3o fazer o pedido. Sabemos que todo mundo precisa ser vacinado, mas temos entre 2,5 milh\u00f5es e 3 milh\u00f5es de professores que precisam ter prioridade&#8221;, ressaltou.<\/p>\n<p>&nbsp;<\/p>\n<p>A vacina\u00e7\u00e3o no Brasil est\u00e1 muito atrasada. O governo, por determina\u00e7\u00e3o do presidente Bolsonaro, atrasou muito o processo de compra de imunizantes. At\u00e9 bem pouco tempo, havia, no governo, um processo de desqualifica\u00e7\u00e3o das vacinas. Isso prejudicou muito o controle da covid-19.<\/p>\n<p>&nbsp;<\/p>\n<p>O pre\u00e7o que o pa\u00eds est\u00e1 pagando por esse atraso \u00e9 alt\u00edssimo. O n\u00famero de mortes pelo novo coronav\u00edrus n\u00e3o para de crescer, caminha para 300 mil. Os hospitais est\u00e3o lotados, a ponto de muitas pessoas estarem morrendo na fila de espera por falta de atendimento.<\/p>\n<p>&nbsp;<\/p>\n<p><em>Bras\u00edlia, 12h14min<\/em><\/p>\n","protected":false},"excerpt":{"rendered":"<p>O ministro da Educa\u00e7\u00e3o, Milton Ribeiro, pediu ao novo ministro da Sa\u00fade, Marcelo Queiroga, que o governo d\u00ea prioridade para a vacina\u00e7\u00e3o contra a covid-19 de cerca de 3 milh\u00f5es de professores para que as aulas presenciais possam ser retomadas o mais rapidamente poss\u00edvel. &nbsp; Ribeiro, que foi pessoalmente ao Minist\u00e9rio da Sa\u00fade nesta ter\u00e7a-feira [&hellip;]<\/p>\n","protected":false},"author":22,"featured_media":17604,"comment_status":"open","ping_status":"closed","sticky":false,"template":"","format":"standard","meta":{"wpb_read_more":[],"footnotes":""},"categories":[600],"tags":[926,5266,2787,579],"class_list":["post-17596","post","type-post","status-publish","format-standard","has-post-thumbnail","hentry","category-economia","tag-brasilia","tag-ministro-pede-prioridade-para-vacinacao-de-quase-3-milhoes-de-professores-para-volta-de-aulas-presenciais","tag-politica","tag-saude"],"_links":{"self":[{"href":"https:\/\/blogs2.correiobraziliense.com.br\/vicente\/wp-json\/wp\/v2\/posts\/17596","targetHints":{"allow":["GET"]}}],"collection":[{"href":"https:\/\/blogs2.correiobraziliense.com.br\/vicente\/wp-json\/wp\/v2\/posts"}],"about":[{"href":"https:\/\/blogs2.correiobraziliense.com.br\/vicente\/wp-json\/wp\/v2\/types\/post"}],"author":[{"embeddable":true,"href":"https:\/\/blogs2.correiobraziliense.com.br\/vicente\/wp-json\/wp\/v2\/users\/22"}],"replies":[{"embeddable":true,"href":"https:\/\/blogs2.correiobraziliense.com.br\/vicente\/wp-json\/wp\/v2\/comments?post=17596"}],"version-history":[{"count":2,"href":"https:\/\/blogs2.correiobraziliense.com.br\/vicente\/wp-json\/wp\/v2\/posts\/17596\/revisions"}],"predecessor-version":[{"id":17635,"href":"https:\/\/blogs2.correiobraziliense.com.br\/vicente\/wp-json\/wp\/v2\/posts\/17596\/revisions\/17635"}],"wp:featuredmedia":[{"embeddable":true,"href":"https:\/\/blogs2.correiobraziliense.com.br\/vicente\/wp-json\/wp\/v2\/media\/17604"}],"wp:attachment":[{"href":"https:\/\/blogs2.correiobraziliense.com.br\/vicente\/wp-json\/wp\/v2\/media?parent=17596"}],"wp:term":[{"taxonomy":"category","embeddable":true,"href":"https:\/\/blogs2.correiobraziliense.com.br\/vicente\/wp-json\/wp\/v2\/categories?post=17596"},{"taxonomy":"post_tag","embeddable":true,"href":"https:\/\/blogs2.correiobraziliense.com.br\/vicente\/wp-json\/wp\/v2\/tags?post=17596"}],"curies":[{"name":"wp","href":"https:\/\/api.w.org\/{rel}","templated":true}]}}