{"id":176,"date":"2015-08-28T00:01:00","date_gmt":"2015-08-28T03:01:00","guid":{"rendered":"https:\/\/blogs2.correiobraziliense.com.br\/vicente\/protesto_no_lancamento_do_minha_casa_minha_vida_3\/"},"modified":"2015-08-28T00:01:00","modified_gmt":"2015-08-28T03:01:00","slug":"protesto_no_lancamento_do_minha_casa_minha_vida_3","status":"publish","type":"post","link":"https:\/\/blogs2.correiobraziliense.com.br\/vicente\/protesto_no_lancamento_do_minha_casa_minha_vida_3\/","title":{"rendered":"PROTESTO NO LAN\u00c7AMENTO DO MINHA CASA, MINHA VIDA 3"},"content":{"rendered":"\n<p>\u00bb A presidente Dilma insiste que lan\u00e7ar\u00e1, em 10 de setembro, a terceira etapa do Minha Casa, Minha Vida. As construtoras, por\u00e9m, querem saber se ela pagar\u00e1, at\u00e9 l\u00e1, a d\u00edvida acumulada de R$ 1,5 bilh\u00e3o com o programa. Caso o acerto de contas n\u00e3o aconte\u00e7a, no mesmo momento em que a petista estiver falando, as empresas v\u00e3o decretar a suspens\u00e3o das obras sob a alega\u00e7\u00e3o de que levaram calote.&nbsp;<b>Teto para im\u00f3veis<\/b>&nbsp;\u00bb Nas negocia\u00e7\u00f5es entre o Minist\u00e9rio do Planejamento e as construtoras para a defini\u00e7\u00e3o do modelo do Minha Casa 3, est\u00e1 previsto o aumento do valor m\u00e1ximo dos im\u00f3veis financiados pelo programa no Distrito Federal, no Rio de Janeiro e em S\u00e3o Paulo, hoje de R$ 190 mil. O governo defende R$ 210 mil, as empresas querem R$ 230 mil.&nbsp;<b>Constru\u00e7\u00e3o atola o PIB<\/b>&nbsp;\u00bb O Instituto Brasileiro de Geografia e Estat\u00edstica (IBGE) divulga hoje o resultado do Produto Interno Bruto (PIB) do segundo trimestre do ano. A constru\u00e7\u00e3o civil dever\u00e1 responder por boa parte da queda estimada para a economia, entre 1,8% e 2% ante os tr\u00eas meses anteriores. A constru\u00e7\u00e3o afeta tanto a ind\u00fastria quanto o investimento. <\/p>\n<p><i>Bras\u00edlia, 00h01min<\/i>   <\/p>\n","protected":false},"excerpt":{"rendered":"<p>\u00bb A presidente Dilma insiste que lan\u00e7ar\u00e1, em 10 de setembro, a terceira etapa do Minha Casa, Minha Vida. As construtoras, por\u00e9m, querem saber se ela pagar\u00e1, at\u00e9 l\u00e1, a d\u00edvida acumulada de R$ 1,5 bilh\u00e3o com o programa. Caso o acerto de contas n\u00e3o aconte\u00e7a, no mesmo momento em que a petista estiver falando, [&hellip;]<\/p>\n","protected":false},"author":22,"featured_media":0,"comment_status":"open","ping_status":"open","sticky":false,"template":"","format":"standard","meta":{"wpb_read_more":[],"footnotes":""},"categories":[1],"tags":[],"class_list":["post-176","post","type-post","status-publish","format-standard","hentry","category-sem-categoria"],"_links":{"self":[{"href":"https:\/\/blogs2.correiobraziliense.com.br\/vicente\/wp-json\/wp\/v2\/posts\/176","targetHints":{"allow":["GET"]}}],"collection":[{"href":"https:\/\/blogs2.correiobraziliense.com.br\/vicente\/wp-json\/wp\/v2\/posts"}],"about":[{"href":"https:\/\/blogs2.correiobraziliense.com.br\/vicente\/wp-json\/wp\/v2\/types\/post"}],"author":[{"embeddable":true,"href":"https:\/\/blogs2.correiobraziliense.com.br\/vicente\/wp-json\/wp\/v2\/users\/22"}],"replies":[{"embeddable":true,"href":"https:\/\/blogs2.correiobraziliense.com.br\/vicente\/wp-json\/wp\/v2\/comments?post=176"}],"version-history":[{"count":0,"href":"https:\/\/blogs2.correiobraziliense.com.br\/vicente\/wp-json\/wp\/v2\/posts\/176\/revisions"}],"wp:attachment":[{"href":"https:\/\/blogs2.correiobraziliense.com.br\/vicente\/wp-json\/wp\/v2\/media?parent=176"}],"wp:term":[{"taxonomy":"category","embeddable":true,"href":"https:\/\/blogs2.correiobraziliense.com.br\/vicente\/wp-json\/wp\/v2\/categories?post=176"},{"taxonomy":"post_tag","embeddable":true,"href":"https:\/\/blogs2.correiobraziliense.com.br\/vicente\/wp-json\/wp\/v2\/tags?post=176"}],"curies":[{"name":"wp","href":"https:\/\/api.w.org\/{rel}","templated":true}]}}