{"id":1760,"date":"2016-06-30T18:15:35","date_gmt":"2016-06-30T21:15:35","guid":{"rendered":"https:\/\/blogs2.correiobraziliense.com.br\/vicente\/?p=1760"},"modified":"2016-07-08T10:07:41","modified_gmt":"2016-07-08T13:07:41","slug":"vontade-de-baixar-juros-falou-mais-alto-na-definicao-da-meta-de-2018","status":"publish","type":"post","link":"https:\/\/blogs2.correiobraziliense.com.br\/vicente\/vontade-de-baixar-juros-falou-mais-alto-na-definicao-da-meta-de-2018\/","title":{"rendered":"Vontade de baixar juros falou mais alto na defini\u00e7\u00e3o da meta de 2018"},"content":{"rendered":"<p>O desejo do presidente interino, Michel Temer, de baixar a taxa b\u00e1sica de juros (Selic), que est\u00e1 em 14,25% ao ano, o mais rapidamente poss\u00edvel foi determinante para o Conselho Monet\u00e1rio Nacional (CMN) manter em 4,5% a meta de infla\u00e7\u00e3o de 2018.<\/p>\n<p>&nbsp;<\/p>\n<p>Havia uma grande disposi\u00e7\u00e3o da equipe econ\u00f4mica de fixar a meta de infla\u00e7\u00e3o de 2018 em 4% ou 4,25% para refor\u00e7ar o compromisso do governo com o controle dos pre\u00e7os. Mas Temer deu a palavra final, influenciado, sobretudo, pelo empresariado.<\/p>\n<p>&nbsp;<\/p>\n<p>O argumento que convenceu o presidente interino a se sobrep\u00f4r \u00e0 equipe econ\u00f4mica foi o de que, com uma meta de infla\u00e7\u00e3o menor, o Banco Central teria menos espa\u00e7o para cortar juros. O que \u00e9 uma fal\u00e1cia, pois um governo mais austero no combate \u00e0 infla\u00e7\u00e3o consegue controlar as expectativas dos agentes econ\u00f4micos e ancor\u00e1-las no centro da meta, o que n\u00e3o se v\u00ea h\u00e1 muito tempo no Brasil.<\/p>\n","protected":false},"excerpt":{"rendered":"<p>O desejo do presidente interino, Michel Temer, de baixar a taxa b\u00e1sica de juros (Selic), que est\u00e1 em 14,25% ao ano, o mais rapidamente poss\u00edvel foi determinante para o Conselho Monet\u00e1rio Nacional (CMN) manter em 4,5% a meta de infla\u00e7\u00e3o de 2018. &nbsp; Havia uma grande disposi\u00e7\u00e3o da equipe econ\u00f4mica de fixar a meta de [&hellip;]<\/p>\n","protected":false},"author":22,"featured_media":0,"comment_status":"open","ping_status":"closed","sticky":false,"template":"","format":"standard","meta":{"wpb_read_more":[],"footnotes":""},"categories":[600,1],"tags":[3,4,488],"class_list":["post-1760","post","type-post","status-publish","format-standard","hentry","category-economia","category-sem-categoria","tag-banco-central","tag-juros","tag-meta-de-inflacao"],"_links":{"self":[{"href":"https:\/\/blogs2.correiobraziliense.com.br\/vicente\/wp-json\/wp\/v2\/posts\/1760","targetHints":{"allow":["GET"]}}],"collection":[{"href":"https:\/\/blogs2.correiobraziliense.com.br\/vicente\/wp-json\/wp\/v2\/posts"}],"about":[{"href":"https:\/\/blogs2.correiobraziliense.com.br\/vicente\/wp-json\/wp\/v2\/types\/post"}],"author":[{"embeddable":true,"href":"https:\/\/blogs2.correiobraziliense.com.br\/vicente\/wp-json\/wp\/v2\/users\/22"}],"replies":[{"embeddable":true,"href":"https:\/\/blogs2.correiobraziliense.com.br\/vicente\/wp-json\/wp\/v2\/comments?post=1760"}],"version-history":[{"count":1,"href":"https:\/\/blogs2.correiobraziliense.com.br\/vicente\/wp-json\/wp\/v2\/posts\/1760\/revisions"}],"predecessor-version":[{"id":1761,"href":"https:\/\/blogs2.correiobraziliense.com.br\/vicente\/wp-json\/wp\/v2\/posts\/1760\/revisions\/1761"}],"wp:attachment":[{"href":"https:\/\/blogs2.correiobraziliense.com.br\/vicente\/wp-json\/wp\/v2\/media?parent=1760"}],"wp:term":[{"taxonomy":"category","embeddable":true,"href":"https:\/\/blogs2.correiobraziliense.com.br\/vicente\/wp-json\/wp\/v2\/categories?post=1760"},{"taxonomy":"post_tag","embeddable":true,"href":"https:\/\/blogs2.correiobraziliense.com.br\/vicente\/wp-json\/wp\/v2\/tags?post=1760"}],"curies":[{"name":"wp","href":"https:\/\/api.w.org\/{rel}","templated":true}]}}