{"id":1762,"date":"2016-07-01T08:11:45","date_gmt":"2016-07-01T11:11:45","guid":{"rendered":"https:\/\/blogs2.correiobraziliense.com.br\/vicente\/?p=1762"},"modified":"2016-07-08T10:07:37","modified_gmt":"2016-07-08T13:07:37","slug":"henrique-meirelles-foi-presidente-da-jf-alvo-da-lava-jato","status":"publish","type":"post","link":"https:\/\/blogs2.correiobraziliense.com.br\/vicente\/henrique-meirelles-foi-presidente-da-jf-alvo-da-lava-jato\/","title":{"rendered":"Henrique Meirelles foi presidente do conselho da J&amp;F, alvo da Lava-Jato"},"content":{"rendered":"<p>Alvo da Opera\u00e7\u00e3o S\u00e9psis, um desdobramento da Opera\u00e7\u00e3o Lava-Jato, a J&amp;F teve como presidente de seu conselho de administra\u00e7\u00e3o o atual ministro da Fazenda, Henrique Meirelles. \u00a0Ele deixou o cargo no in\u00edcio de maio, quando foi convidado pelo presidente interino, Michel Temer, para comandar a equipe econ\u00f4mica.<\/p>\n<p>&nbsp;<\/p>\n<p>A J&amp;F controla a fabricante de celulose Eldorado, que recebeu R$ 940 milh\u00f5es do FI-FGTS, fundo de investimentos mantido com recursos do Fundo de Garantia do Tempo de Servi\u00e7o (FGTS). O FI-FGTS comprou deb\u00eantures emitidas pela empresa. Do montante recebido pela Eldorado, 1% (R$ 9,4 milh\u00f5es) teria sido pago ao deputado Eduardo Cunha, do PMDB do Rio de Janeiro, conforme dela\u00e7\u00e3o de F\u00e1bio Cleto, ex-presidente da Caixa Econ\u00f4mica Federal.<\/p>\n<p>&nbsp;<\/p>\n<p>&nbsp;<\/p>\n","protected":false},"excerpt":{"rendered":"<p>Alvo da Opera\u00e7\u00e3o S\u00e9psis, um desdobramento da Opera\u00e7\u00e3o Lava-Jato, a J&amp;F teve como presidente de seu conselho de administra\u00e7\u00e3o o atual ministro da Fazenda, Henrique Meirelles. \u00a0Ele deixou o cargo no in\u00edcio de maio, quando foi convidado pelo presidente interino, Michel Temer, para comandar a equipe econ\u00f4mica. &nbsp; A J&amp;F controla a fabricante de celulose [&hellip;]<\/p>\n","protected":false},"author":22,"featured_media":0,"comment_status":"open","ping_status":"closed","sticky":false,"template":"","format":"standard","meta":{"wpb_read_more":[],"footnotes":""},"categories":[600,1],"tags":[503,21,504,41,505],"class_list":["post-1762","post","type-post","status-publish","format-standard","hentry","category-economia","category-sem-categoria","tag-fabio-cleto","tag-henrique-meirelles","tag-jh","tag-lava-jato","tag-operacao-sepsis"],"_links":{"self":[{"href":"https:\/\/blogs2.correiobraziliense.com.br\/vicente\/wp-json\/wp\/v2\/posts\/1762","targetHints":{"allow":["GET"]}}],"collection":[{"href":"https:\/\/blogs2.correiobraziliense.com.br\/vicente\/wp-json\/wp\/v2\/posts"}],"about":[{"href":"https:\/\/blogs2.correiobraziliense.com.br\/vicente\/wp-json\/wp\/v2\/types\/post"}],"author":[{"embeddable":true,"href":"https:\/\/blogs2.correiobraziliense.com.br\/vicente\/wp-json\/wp\/v2\/users\/22"}],"replies":[{"embeddable":true,"href":"https:\/\/blogs2.correiobraziliense.com.br\/vicente\/wp-json\/wp\/v2\/comments?post=1762"}],"version-history":[{"count":1,"href":"https:\/\/blogs2.correiobraziliense.com.br\/vicente\/wp-json\/wp\/v2\/posts\/1762\/revisions"}],"predecessor-version":[{"id":1763,"href":"https:\/\/blogs2.correiobraziliense.com.br\/vicente\/wp-json\/wp\/v2\/posts\/1762\/revisions\/1763"}],"wp:attachment":[{"href":"https:\/\/blogs2.correiobraziliense.com.br\/vicente\/wp-json\/wp\/v2\/media?parent=1762"}],"wp:term":[{"taxonomy":"category","embeddable":true,"href":"https:\/\/blogs2.correiobraziliense.com.br\/vicente\/wp-json\/wp\/v2\/categories?post=1762"},{"taxonomy":"post_tag","embeddable":true,"href":"https:\/\/blogs2.correiobraziliense.com.br\/vicente\/wp-json\/wp\/v2\/tags?post=1762"}],"curies":[{"name":"wp","href":"https:\/\/api.w.org\/{rel}","templated":true}]}}