{"id":1768,"date":"2016-07-01T15:30:37","date_gmt":"2016-07-01T18:30:37","guid":{"rendered":"https:\/\/blogs2.correiobraziliense.com.br\/vicente\/?p=1768"},"modified":"2016-07-08T10:07:32","modified_gmt":"2016-07-08T13:07:32","slug":"premio-de-educacao-ao-investidor","status":"publish","type":"post","link":"https:\/\/blogs2.correiobraziliense.com.br\/vicente\/premio-de-educacao-ao-investidor\/","title":{"rendered":"Pr\u00eamio de Educa\u00e7\u00e3o ao Investidor"},"content":{"rendered":"<p>O dia hoje \u00e9 dela, Mariana Areias, que recebeu o Pr\u00eamio de Educa\u00e7\u00e3o ao Investidor concedido pelas mais representativas institui\u00e7\u00f5es do mercado de capitais, entre elas, a Comiss\u00e3o de Valores Mobili\u00e1rios (CVM).<\/p>\n<p>&nbsp;<\/p>\n<p><a href=\"https:\/\/blogs2.correiobraziliense.com.br\/vicente\/wp-content\/uploads\/sites\/16\/2016\/07\/IMG_2915.jpg\" rel=\"attachment wp-att-1771\"><img loading=\"lazy\" decoding=\"async\" class=\"alignnone wp-image-1771\" src=\"https:\/\/blogs2.correiobraziliense.com.br\/vicente\/wp-content\/uploads\/sites\/16\/2016\/07\/IMG_2915-300x300.jpg\" alt=\"IMG_2915\" width=\"365\" height=\"365\" srcset=\"https:\/\/blogs2.correiobraziliense.com.br\/vicente\/wp-content\/uploads\/sites\/16\/2016\/07\/IMG_2915-300x300.jpg 300w, https:\/\/blogs2.correiobraziliense.com.br\/vicente\/wp-content\/uploads\/sites\/16\/2016\/07\/IMG_2915-150x150.jpg 150w, https:\/\/blogs2.correiobraziliense.com.br\/vicente\/wp-content\/uploads\/sites\/16\/2016\/07\/IMG_2915-768x768.jpg 768w, https:\/\/blogs2.correiobraziliense.com.br\/vicente\/wp-content\/uploads\/sites\/16\/2016\/07\/IMG_2915-1024x1024.jpg 1024w, https:\/\/blogs2.correiobraziliense.com.br\/vicente\/wp-content\/uploads\/sites\/16\/2016\/07\/IMG_2915-350x350.jpg 350w, https:\/\/blogs2.correiobraziliense.com.br\/vicente\/wp-content\/uploads\/sites\/16\/2016\/07\/IMG_2915-550x550.jpg 550w, https:\/\/blogs2.correiobraziliense.com.br\/vicente\/wp-content\/uploads\/sites\/16\/2016\/07\/IMG_2915-230x230.jpg 230w, https:\/\/blogs2.correiobraziliense.com.br\/vicente\/wp-content\/uploads\/sites\/16\/2016\/07\/IMG_2915.jpg 1280w\" sizes=\"auto, (max-width: 365px) 100vw, 365px\" \/><\/a><\/p>\n<p>&nbsp;<\/p>\n<p>Mariana venceu com uma mat\u00e9ria muito criativa. Ela mostrou que, em vez de presentes tradicionais, as pessoas est\u00e3o preferindo receber aplica\u00e7\u00f5es financeiras, sobretudo t\u00edtulos p\u00fablicos negociados por meio do Tesouro Direto. A mat\u00e9ria foi publicada pelo Correio Braziliense em novembro de 2015.<\/p>\n<p>&nbsp;<\/p>\n<p>Trata-se de uma mudan\u00e7a e tanto na cultura do brasileiro, que nunca foi afeito a economizar para o futuro.<\/p>\n<p>&nbsp;<\/p>\n<p><a href=\"https:\/\/blogs2.correiobraziliense.com.br\/vicente\/wp-content\/uploads\/sites\/16\/2016\/07\/IMG_2916.jpg\" rel=\"attachment wp-att-1770\"><img loading=\"lazy\" decoding=\"async\" class=\"alignnone wp-image-1770\" src=\"https:\/\/blogs2.correiobraziliense.com.br\/vicente\/wp-content\/uploads\/sites\/16\/2016\/07\/IMG_2916-300x225.jpg\" alt=\"IMG_2916\" width=\"375\" height=\"281\" srcset=\"https:\/\/blogs2.correiobraziliense.com.br\/vicente\/wp-content\/uploads\/sites\/16\/2016\/07\/IMG_2916-300x225.jpg 300w, https:\/\/blogs2.correiobraziliense.com.br\/vicente\/wp-content\/uploads\/sites\/16\/2016\/07\/IMG_2916-768x576.jpg 768w, https:\/\/blogs2.correiobraziliense.com.br\/vicente\/wp-content\/uploads\/sites\/16\/2016\/07\/IMG_2916-1024x768.jpg 1024w, https:\/\/blogs2.correiobraziliense.com.br\/vicente\/wp-content\/uploads\/sites\/16\/2016\/07\/IMG_2916-350x263.jpg 350w, https:\/\/blogs2.correiobraziliense.com.br\/vicente\/wp-content\/uploads\/sites\/16\/2016\/07\/IMG_2916-550x413.jpg 550w, https:\/\/blogs2.correiobraziliense.com.br\/vicente\/wp-content\/uploads\/sites\/16\/2016\/07\/IMG_2916-230x173.jpg 230w, https:\/\/blogs2.correiobraziliense.com.br\/vicente\/wp-content\/uploads\/sites\/16\/2016\/07\/IMG_2916.jpg 1280w\" sizes=\"auto, (max-width: 375px) 100vw, 375px\" \/><\/a><\/p>\n","protected":false},"excerpt":{"rendered":"<p>O dia hoje \u00e9 dela, Mariana Areias, que recebeu o Pr\u00eamio de Educa\u00e7\u00e3o ao Investidor concedido pelas mais representativas institui\u00e7\u00f5es do mercado de capitais, entre elas, a Comiss\u00e3o de Valores Mobili\u00e1rios (CVM). &nbsp; &nbsp; Mariana venceu com uma mat\u00e9ria muito criativa. Ela mostrou que, em vez de presentes tradicionais, as pessoas est\u00e3o preferindo receber aplica\u00e7\u00f5es [&hellip;]<\/p>\n","protected":false},"author":22,"featured_media":0,"comment_status":"open","ping_status":"closed","sticky":false,"template":"","format":"standard","meta":{"wpb_read_more":[],"footnotes":""},"categories":[600,1],"tags":[517,294,200,292,516,290],"class_list":["post-1768","post","type-post","status-publish","format-standard","hentry","category-economia","category-sem-categoria","tag-anbima","tag-bmfbovespa","tag-cvm","tag-mariana-areias","tag-pre","tag-premio-de-educacao-ao-investidor"],"_links":{"self":[{"href":"https:\/\/blogs2.correiobraziliense.com.br\/vicente\/wp-json\/wp\/v2\/posts\/1768","targetHints":{"allow":["GET"]}}],"collection":[{"href":"https:\/\/blogs2.correiobraziliense.com.br\/vicente\/wp-json\/wp\/v2\/posts"}],"about":[{"href":"https:\/\/blogs2.correiobraziliense.com.br\/vicente\/wp-json\/wp\/v2\/types\/post"}],"author":[{"embeddable":true,"href":"https:\/\/blogs2.correiobraziliense.com.br\/vicente\/wp-json\/wp\/v2\/users\/22"}],"replies":[{"embeddable":true,"href":"https:\/\/blogs2.correiobraziliense.com.br\/vicente\/wp-json\/wp\/v2\/comments?post=1768"}],"version-history":[{"count":3,"href":"https:\/\/blogs2.correiobraziliense.com.br\/vicente\/wp-json\/wp\/v2\/posts\/1768\/revisions"}],"predecessor-version":[{"id":1778,"href":"https:\/\/blogs2.correiobraziliense.com.br\/vicente\/wp-json\/wp\/v2\/posts\/1768\/revisions\/1778"}],"wp:attachment":[{"href":"https:\/\/blogs2.correiobraziliense.com.br\/vicente\/wp-json\/wp\/v2\/media?parent=1768"}],"wp:term":[{"taxonomy":"category","embeddable":true,"href":"https:\/\/blogs2.correiobraziliense.com.br\/vicente\/wp-json\/wp\/v2\/categories?post=1768"},{"taxonomy":"post_tag","embeddable":true,"href":"https:\/\/blogs2.correiobraziliense.com.br\/vicente\/wp-json\/wp\/v2\/tags?post=1768"}],"curies":[{"name":"wp","href":"https:\/\/api.w.org\/{rel}","templated":true}]}}