{"id":177,"date":"2015-08-28T03:10:00","date_gmt":"2015-08-28T06:10:00","guid":{"rendered":"https:\/\/blogs2.correiobraziliense.com.br\/vicente\/a_geni_do_governo\/"},"modified":"2015-08-28T03:10:00","modified_gmt":"2015-08-28T06:10:00","slug":"a_geni_do_governo","status":"publish","type":"post","link":"https:\/\/blogs2.correiobraziliense.com.br\/vicente\/a_geni_do_governo\/","title":{"rendered":"A GENI DO GOVERNO"},"content":{"rendered":"\n<p>O ministro da Fazenda, Joaquim Levy, se tornou a pessoa mais odiada da Esplanada dos Minist\u00e9rios. N\u00e3o poderia ser diferente em se tratando do homem que det\u00e9m as chaves dos cofres de um governo gastador contumaz. Mas o sentimento que Levy tem despertado vai muito al\u00e9m dos n\u00e3os que ele diz a quem lhe pede dinheiro. Boa parte do governo e do empresariado est\u00e1 culpando o ministro pelo agravamento da situa\u00e7\u00e3o econ\u00f4mica. Alega que a intransig\u00eancia dele e a falta de jogo pol\u00edtico minaram de vez qualquer perspectiva de recupera\u00e7\u00e3o da economia, mesmo que em 2016. <\/p>\n<p>A sensa\u00e7\u00e3o, quando se ouve os relatos sobre Levy, sobretudo de integrantes do Pal\u00e1cio do Planalto, \u00e9 que ele se tornou a Geni do governo. Todos querem apedrej\u00e1-lo. \u00c9 exatamente o contr\u00e1rio do que se percebia no in\u00edcio do segundo mandato de Dilma Rousseff, quando o ex-funcion\u00e1rio do Bradesco era visto como o salvador da P\u00e1tria, aquele que faria o servi\u00e7o r\u00e1pido de arruma\u00e7\u00e3o da casa e ajudaria o pa\u00eds a sair do atoleiro rapidamente. O ataque a Levy dentro do governo s\u00f3 n\u00e3o \u00e9 mais expl\u00edcito porque Dilma pediu calma aos cr\u00edticos. Para ela, n\u00e3o \u00e9 hora criar mais ru\u00eddos. <\/p>\n<p>Aqueles que convivem diariamente com o ministro sabem que ele j\u00e1 sentiu o baque. Tanto que, de um m\u00eas para c\u00e1, mudou completamente o humor. Irrita-se com frequ\u00eancia. A paci\u00eancia para ouvir se esvaiu. A vontade de trabalhar n\u00e3o \u00e9 a mesma. O clima anda t\u00e3o pesado na Fazenda, que v\u00e1rios cargos est\u00e3o vagos, sobretudo no Tesouro Nacional. Levy afastou pessoas que eram ligadas ao antecessor, Guido Mantega. Achou que preencheria os postos com facilidade. Mas as recusas t\u00eam sido frequentes. Muitos consideram o governo ruim e acreditam que o ministro ter\u00e1 vida curta na chefia da equipe econ\u00f4mica. <\/p>\n<p>A decep\u00e7\u00e3o de Levy \u00e9 tamanha, que ele n\u00e3o se furtou de, no fim de semana passado, pegar um avi\u00e3o para Washington a fim de usufruir do conforto da fam\u00edlia \u2014 a mulher e as duas filhas moram na capital dos Estados Unidos. A viagem, por sinal, suscitou uma onda de boatos de que ele estaria prestes a deixar o governo. Os rumores foram t\u00e3o fortes, que o ministro foi obrigado a convocar uma entrevista para dizer que continua firme e forte no cargo. Mas, apesar da forma enf\u00e1tica com que se manifestou, a d\u00favida sobre a perman\u00eancia dele na Fazenda ficou maior.&nbsp;<b>Divis\u00e3o da equipe<\/b>&nbsp;O que se v\u00ea no governo \u00e9 uma clara divis\u00e3o, com Levy cada vez mais isolado. Um empres\u00e1rio que, meses atr\u00e1s, esteve com o ministro da Secretaria de Avia\u00e7\u00e3o Civil (SAC), Eliseu Padilha, conta que ouviu dele muitos elogios ao comandante da Fazenda. Mais recentemente, o mesmo Padilha j\u00e1 se mostrava contrariado com Levy, a quem acusava de estar mais atrapalhando do que ajudando o governo, principalmente na rela\u00e7\u00e3o com o Congresso. <\/p>\n<p>No Minist\u00e9rio do Planejamento, tamb\u00e9m se nota um inc\u00f4modo com Levy. O discurso \u00e9 sempre o de que falta sensibilidade ao ministro, o que o tem levado a colecionar uma s\u00e9rie de derrotas dentro do governo, a mais flagrante delas, a redu\u00e7\u00e3o da meta de superavit prim\u00e1rio deste ano, de 1,1% para 0,15% do Produto Interno Bruto (PIB). As equipes de Nelson Barbosa e de Levy, por sinal, nunca tiveram uma boa rela\u00e7\u00e3o. Uma acusa a outra de sabotagem. A desconfian\u00e7a chega ao ponto de se tentar descobrir no notici\u00e1rio quem foi a fonte de determinados assuntos para entender o que est\u00e1 por tr\u00e1s deles. <\/p>\n<p>A divis\u00e3o se estende at\u00e9 entre os subordinados diretos de Levy. H\u00e1 uma guerra declarada entre o secret\u00e1rio executivo da Fazenda, Tarc\u00edsio Godoy, e o sub dele, Fabr\u00edcio Dantas, que se tornou uma esp\u00e9cie de emin\u00eancia parda. Godoy e Levy trabalharam juntos no Tesouro Nacional durante o primeiro mandato de Lula e no Bradesco. S\u00e3o superamigos. Mas a insubordina\u00e7\u00e3o de Dantas vem causando um mal-estar na rela\u00e7\u00e3o, que j\u00e1 est\u00e1 se irradiando por todo o minist\u00e9rio. <\/p>\n<p>Pessoas pr\u00f3ximas a Dilma garantem que ela manter\u00e1, at\u00e9 quando for poss\u00edvel, Levy na Fazenda. A presidente reconhece que, hoje, com ela amea\u00e7ada pelo impeachment e o governo sem apoio popular, nenhum nome de peso, que teria o respaldo de empres\u00e1rios e investidores, aceitaria assumir o comando da equipe econ\u00f4mica. Alguns palacianos falam em Nelson Barbosa como potencial sucessor, pois conta com o aval de Lula. Mas o hist\u00f3rico do atual ministro do Planejamento n\u00e3o \u00e9 dos melhores. Ele participou de boa parte das medidas adotadas no primeiro mandato da petista, que levaram o Brasil para o atoleiro. <\/p>\n<p>\u201cVamos ver at\u00e9 quando Levy conseguir\u00e1 levar essa pedreira. \u00c9 vis\u00edvel que ele est\u00e1 desgastado. Sua voz, que j\u00e1 n\u00e3o \u00e9 forte, enfraqueceu mais. A postura est\u00e1 curvada\u201d, diz um integrante da base aliada do governo. No entender dele, para o pa\u00eds, \u00e9 importante que Levy resista, pois uma sa\u00edda repentina do ministro propagar\u00e1 o caos.<i> <\/p>\n<p><\/i><i> <\/p>\n<p>Bras\u00edlia, 03h10min<\/i>   <\/p>\n","protected":false},"excerpt":{"rendered":"<p>O ministro da Fazenda, Joaquim Levy, se tornou a pessoa mais odiada da Esplanada dos Minist\u00e9rios. N\u00e3o poderia ser diferente em se tratando do homem que det\u00e9m as chaves dos cofres de um governo gastador contumaz. Mas o sentimento que Levy tem despertado vai muito al\u00e9m dos n\u00e3os que ele diz a quem lhe pede [&hellip;]<\/p>\n","protected":false},"author":22,"featured_media":0,"comment_status":"open","ping_status":"open","sticky":false,"template":"","format":"standard","meta":{"wpb_read_more":[],"footnotes":""},"categories":[1],"tags":[],"class_list":["post-177","post","type-post","status-publish","format-standard","hentry","category-sem-categoria"],"_links":{"self":[{"href":"https:\/\/blogs2.correiobraziliense.com.br\/vicente\/wp-json\/wp\/v2\/posts\/177","targetHints":{"allow":["GET"]}}],"collection":[{"href":"https:\/\/blogs2.correiobraziliense.com.br\/vicente\/wp-json\/wp\/v2\/posts"}],"about":[{"href":"https:\/\/blogs2.correiobraziliense.com.br\/vicente\/wp-json\/wp\/v2\/types\/post"}],"author":[{"embeddable":true,"href":"https:\/\/blogs2.correiobraziliense.com.br\/vicente\/wp-json\/wp\/v2\/users\/22"}],"replies":[{"embeddable":true,"href":"https:\/\/blogs2.correiobraziliense.com.br\/vicente\/wp-json\/wp\/v2\/comments?post=177"}],"version-history":[{"count":0,"href":"https:\/\/blogs2.correiobraziliense.com.br\/vicente\/wp-json\/wp\/v2\/posts\/177\/revisions"}],"wp:attachment":[{"href":"https:\/\/blogs2.correiobraziliense.com.br\/vicente\/wp-json\/wp\/v2\/media?parent=177"}],"wp:term":[{"taxonomy":"category","embeddable":true,"href":"https:\/\/blogs2.correiobraziliense.com.br\/vicente\/wp-json\/wp\/v2\/categories?post=177"},{"taxonomy":"post_tag","embeddable":true,"href":"https:\/\/blogs2.correiobraziliense.com.br\/vicente\/wp-json\/wp\/v2\/tags?post=177"}],"curies":[{"name":"wp","href":"https:\/\/api.w.org\/{rel}","templated":true}]}}