{"id":17703,"date":"2021-03-18T16:01:47","date_gmt":"2021-03-18T19:01:47","guid":{"rendered":"https:\/\/blogs2.correiobraziliense.com.br\/vicente\/?p=17703"},"modified":"2021-03-18T18:42:07","modified_gmt":"2021-03-18T21:42:07","slug":"auxilio-emergencial-beneficiara-456-milhoes-de-pessoas-valor-medio-de-r-250","status":"publish","type":"post","link":"https:\/\/blogs2.correiobraziliense.com.br\/vicente\/auxilio-emergencial-beneficiara-456-milhoes-de-pessoas-valor-medio-de-r-250\/","title":{"rendered":"Aux\u00edlio emergencial beneficiar\u00e1 45,6 milh\u00f5es de pessoas. Valor m\u00e9dio de R$ 250"},"content":{"rendered":"<h2>O Minist\u00e9rio da Cidadania divulgou as medidas provis\u00f3rias para o pagamento do aux\u00edlio emergencial. Ser\u00e3o beneficiadas 45,6 milh\u00f5es de pessoas, com valor m\u00e9dio de R$ 250. Ser\u00e3o quatro parcelas, a primeira paga a partir de abril. O benef\u00edcio custar\u00e1 R$ 44 bilh\u00f5es.<\/h2>\n<p>&nbsp;<\/p>\n<p>O aux\u00edlio emergencial ser\u00e1 limitado a uma pessoa por fam\u00edlia, sendo que mulher chefe de fam\u00edlia monoparental ter\u00e1 direito a R$ 375, enquanto o indiv\u00edduo que mora sozinho \u2014 fam\u00edlia unipessoal \u2013 receber\u00e1 R$ 150.<\/p>\n<p>&nbsp;<\/p>\n<p>Segundo Minist\u00e9rio da Cidadania, do total de R$ 44 bilh\u00f5es para o aux\u00edlio emergencial, R$ 23,4 bilh\u00f5es ser\u00e3o destinados ao p\u00fablico j\u00e1 inscrito em plataformas digitais da Caixa (28.624.776 benefici\u00e1rios), R$ 6,5 bilh\u00f5es para integrantes do Cadastro \u00danico do Governo Federal (6.301.073 benefici\u00e1rios) e outros R$ 12,7 bilh\u00f5es para atendidos pelo Programa Bolsa Fam\u00edlia (10.697.777 benefici\u00e1rios).<\/p>\n<p>&nbsp;<\/p>\n<p>A pasta ressalta, ainda, que o trabalho de cadastramento realizado no ano passado, que identificou os trabalhadores informais n\u00e3o constantes dos cadastros p\u00fablicos, o cruzamento cont\u00ednuo de dados realizado pelo governo federal e as a\u00e7\u00f5es de controle e fiscaliza\u00e7\u00e3o para evitar recebimentos indevidos permitem que o novo benef\u00edcio seja direcionado \u00e0 parcela mais vulner\u00e1vel da popula\u00e7\u00e3o.<\/p>\n<p>&nbsp;<\/p>\n<p>O governo definiu que a opera\u00e7\u00e3o para o pagamento das parcelas do aux\u00edlio seguir\u00e1 o modelo utilizado em 2020. Os integrantes do Bolsa Fam\u00edlia ser\u00e3o contemplados com o benef\u00edcio conforme o calend\u00e1rio<br \/>\nhabitual do programa, enquanto os demais receber\u00e3o na Conta Social Digital, que pode ser movimentada por um aplicativo de celular.<\/p>\n<p>&nbsp;<\/p>\n<p>O minist\u00e9rio afirma que os trabalhadores formais continuam impedidos de pedir o aux\u00edlio emergencial. Isso tamb\u00e9m vale para aqueles que\u00a0recebem benef\u00edcio previdenci\u00e1rio, assistencial ou trabalhista ou de programa de transfer\u00eancia de renda federal, com exce\u00e7\u00e3o do Programa Bolsa Fam\u00edlia e do PIS\/Pasep.<\/p>\n<p>&nbsp;<\/p>\n<p><strong>Regras<\/strong><\/p>\n<p>&nbsp;<\/p>\n<p>O benef\u00edcio ser\u00e1 pago somente a fam\u00edlias com renda per capita de at\u00e9 meio sal\u00e1rio m\u00ednimo e renda mensal total de at\u00e9 tr\u00eas sal\u00e1rios m\u00ednimos. Para o p\u00fablico do Bolsa Fam\u00edlia, informa o Cidadania, segue valendo a regra do valor mais vantajoso. Ou seja, integrantes do programa receber\u00e3o o benef\u00edcio com maior parcela.<\/p>\n<p>&nbsp;<\/p>\n<p>As pessoas que n\u00e3o movimentaram os valores do aux\u00edlio emergencial e sua extens\u00e3o,\u00a0disponibilizados na poupan\u00e7a digital em 2020, n\u00e3o ter\u00e3o direito ao novo benef\u00edcio, assim como quem estiver com o aux\u00edlio emergencial de 2020 cancelado no momento da avalia\u00e7\u00e3o de\u00a0elegibilidade para 2021.<\/p>\n<p>&nbsp;<\/p>\n<p>Mais: o novo aux\u00edlio emergencial exclui os residentes m\u00e9dicos, multiprofissionais, benefici\u00e1rios de bolsas de estudo, estagi\u00e1rios e similares, assim como\u00a0quem teve rendimentos tribut\u00e1veis acima de R$ 28.559,70 em 2019, ou tinha em 31 de dezembro daquele ano a posse ou a propriedade de bens ou direitos, inclusive terra nua, de valor total superior a R$ 300 mil, ou tenha recebido em 2019 rendimentos isentos, n\u00e3o<br \/>\ntribut\u00e1veis ou tributados exclusivamente na fonte superior a R$ 40 mil.<\/p>\n<p>&nbsp;<\/p>\n<p>O Minist\u00e9rio da Cidadania continua respons\u00e1vel pelo\u00a0processamento e pela an\u00e1lise dos pedidos, al\u00e9m de enviar para a institui\u00e7\u00e3o financeira a rela\u00e7\u00e3o de benefici\u00e1rios eleg\u00edveis ao pagamento do benef\u00edcio.<\/p>\n","protected":false},"excerpt":{"rendered":"<p>O Minist\u00e9rio da Cidadania divulgou as medidas provis\u00f3rias para o pagamento do aux\u00edlio emergencial. Ser\u00e3o beneficiadas 45,6 milh\u00f5es de pessoas, com valor m\u00e9dio de R$ 250. Ser\u00e3o quatro parcelas, a primeira paga a partir de abril. O benef\u00edcio custar\u00e1 R$ 44 bilh\u00f5es. &nbsp; O aux\u00edlio emergencial ser\u00e1 limitado a uma pessoa por fam\u00edlia, sendo que [&hellip;]<\/p>\n","protected":false},"author":22,"featured_media":14173,"comment_status":"open","ping_status":"closed","sticky":false,"template":"","format":"standard","meta":{"wpb_read_more":[],"footnotes":""},"categories":[600],"tags":[5277,5276,589,4547,2787],"class_list":["post-17703","post","type-post","status-publish","format-standard","has-post-thumbnail","hentry","category-economia","tag-6-milhoes-de-pessoas-valor-medio-de-r-250","tag-auxilio-emergencial-beneficiara-45","tag-economia","tag-negocios","tag-politica"],"_links":{"self":[{"href":"https:\/\/blogs2.correiobraziliense.com.br\/vicente\/wp-json\/wp\/v2\/posts\/17703","targetHints":{"allow":["GET"]}}],"collection":[{"href":"https:\/\/blogs2.correiobraziliense.com.br\/vicente\/wp-json\/wp\/v2\/posts"}],"about":[{"href":"https:\/\/blogs2.correiobraziliense.com.br\/vicente\/wp-json\/wp\/v2\/types\/post"}],"author":[{"embeddable":true,"href":"https:\/\/blogs2.correiobraziliense.com.br\/vicente\/wp-json\/wp\/v2\/users\/22"}],"replies":[{"embeddable":true,"href":"https:\/\/blogs2.correiobraziliense.com.br\/vicente\/wp-json\/wp\/v2\/comments?post=17703"}],"version-history":[{"count":7,"href":"https:\/\/blogs2.correiobraziliense.com.br\/vicente\/wp-json\/wp\/v2\/posts\/17703\/revisions"}],"predecessor-version":[{"id":17744,"href":"https:\/\/blogs2.correiobraziliense.com.br\/vicente\/wp-json\/wp\/v2\/posts\/17703\/revisions\/17744"}],"wp:featuredmedia":[{"embeddable":true,"href":"https:\/\/blogs2.correiobraziliense.com.br\/vicente\/wp-json\/wp\/v2\/media\/14173"}],"wp:attachment":[{"href":"https:\/\/blogs2.correiobraziliense.com.br\/vicente\/wp-json\/wp\/v2\/media?parent=17703"}],"wp:term":[{"taxonomy":"category","embeddable":true,"href":"https:\/\/blogs2.correiobraziliense.com.br\/vicente\/wp-json\/wp\/v2\/categories?post=17703"},{"taxonomy":"post_tag","embeddable":true,"href":"https:\/\/blogs2.correiobraziliense.com.br\/vicente\/wp-json\/wp\/v2\/tags?post=17703"}],"curies":[{"name":"wp","href":"https:\/\/api.w.org\/{rel}","templated":true}]}}