{"id":17772,"date":"2021-03-22T22:31:22","date_gmt":"2021-03-23T01:31:22","guid":{"rendered":"https:\/\/blogs2.correiobraziliense.com.br\/vicente\/?p=17772"},"modified":"2021-03-22T23:25:53","modified_gmt":"2021-03-23T02:25:53","slug":"mercado-estranha-que-xp-e-btg-pactual-tenham-ficado-de-fora-da-carta-de-cobranca-ao-governo","status":"publish","type":"post","link":"https:\/\/blogs2.correiobraziliense.com.br\/vicente\/mercado-estranha-que-xp-e-btg-pactual-tenham-ficado-de-fora-da-carta-de-cobranca-ao-governo\/","title":{"rendered":"Mercado estranha que XP e BTG Pactual tenham ficado de fora da carta de cobran\u00e7a ao governo"},"content":{"rendered":"<h2>No mercado financeiro, nada passa despercebido. E muita gente se deu ao trabalho de checar, nome por nome, as pessoas que assinaram a carta que cobra a\u00e7\u00f5es en\u00e9rgicas do governo federal para o combate \u00e0 pandemia do novo coronav\u00edrus. J\u00e1 s\u00e3o quase 1.500 assinaturas, mas nenhuma da XP Investimentos e do BTG Pactual.<\/h2>\n<p>&nbsp;<\/p>\n<p>A percep\u00e7\u00e3o \u00e9 uma s\u00f3: XP e BTG Pactual s\u00e3o as institui\u00e7\u00f5es financeiras com maior tr\u00e2nsito na Esplanada dos Minist\u00e9rios. H\u00e1 integrantes do governo que mudam a agenda para receber representantes dessas duas institui\u00e7\u00f5es financeiras. N\u00e3o h\u00e1 pedido negado para elas.<\/p>\n<p>&nbsp;<\/p>\n<p>Ou seja, na vis\u00e3o de integrantes do mercado, XP e BTG Pactual n\u00e3o quiseram comprar briga com o governo. A carta, assinada por banqueiros, economistas, empres\u00e1rios e ex-ministros da Fazenda, teve forte impacto no Congresso e no Pal\u00e1cio do Planalto. <a href=\"https:\/\/blogs2.correiobraziliense.com.br\/vicente\/banqueiros-rompem-com-bolsonaro-mas-maioria-dos-empresarios-apoia-presidente\/\">O presidente Jair Bolsonaro se sentiu muito incomodado<\/a>.<\/p>\n<p>&nbsp;<\/p>\n<p>Na avalia\u00e7\u00e3o daqueles que assinam a carta p\u00fablica, a vacina\u00e7\u00e3o em massa \u00e9 urgente e \u00e9 preciso que o governo se guie pela ci\u00eancia e deixe de lado as fake news. \u201cEstamos no limiar de uma fase explosiva da pandemia e \u00e9 fundamental que a partir de agora as pol\u00edticas p\u00fablicas sejam alicer\u00e7adas em dados, informa\u00e7\u00f5es confi\u00e1veis e evid\u00eancia cient\u00edfica\u201d, dizem, no documento.<\/p>\n<p>&nbsp;<\/p>\n<p>Para economistas, banqueiros e empres\u00e1rios, n\u00e3o h\u00e1 mais tempo a perder em debates est\u00e9reis e not\u00edcias falsas. &#8220;Precisamos nos guiar pelas experi\u00eancias bem-sucedidas, por a\u00e7\u00f5es de baixo custo e alto impacto, por iniciativas que possam reverter de fato a situa\u00e7\u00e3o sem precedentes que o pa\u00eds vive\u201d, ressaltam na carta.<\/p>\n<p>&nbsp;<\/p>\n<p>Ao <strong>Blog<\/strong>, um dos banqueiros diz que n\u00e3o havia mais como se eximirem diante da gravidade da situa\u00e7\u00e3o, com n\u00famero recorde de mortes di\u00e1rias \u2014 mais de 2 mil \u2014 e colapso do sistema de sa\u00fade em praticamente todos os estados e no Distrito Federal. \u201c<a href=\"https:\/\/blogs2.correiobraziliense.com.br\/vicente\/estamos-no-limite-nao-da-mais-para-ficar-calado-diz-banqueiro-sobre-pandemia\/\">Estamos no limite. N\u00e3o d\u00e1 mais para ficar calado<\/a>\u201d, afirma.<\/p>\n<p>&nbsp;<\/p>\n<p>No entender do banqueiro, \u201ctodos os que assinaram a carta, banqueiros ou n\u00e3o, o fizeram para expressar uma leg\u00edtima preocupa\u00e7\u00e3o com o grav\u00edssimo momento de piora do quadro da pandemia\u201d. E enfatiza: \u201c\u00c9 um grito de muitos que estavam at\u00e9 agora em sil\u00eancio\u201d.<\/p>\n<p>&nbsp;<\/p>\n<p><em>Bras\u00edlia, 22h31min<\/em><\/p>\n","protected":false},"excerpt":{"rendered":"<p>No mercado financeiro, nada passa despercebido. E muita gente se deu ao trabalho de checar, nome por nome, as pessoas que assinaram a carta que cobra a\u00e7\u00f5es en\u00e9rgicas do governo federal para o combate \u00e0 pandemia do novo coronav\u00edrus. J\u00e1 s\u00e3o quase 1.500 assinaturas, mas nenhuma da XP Investimentos e do BTG Pactual. &nbsp; A [&hellip;]<\/p>\n","protected":false},"author":22,"featured_media":10448,"comment_status":"open","ping_status":"closed","sticky":false,"template":"","format":"standard","meta":{"wpb_read_more":[],"footnotes":""},"categories":[600],"tags":[589,4943,5292,4547,2787],"class_list":["post-17772","post","type-post","status-publish","format-standard","has-post-thumbnail","hentry","category-economia","tag-economia","tag-financas","tag-mercado-estranha-que-xp-e-btg-pactual-tenham-ficado-de-fora-da-carta-de-cobranca-ao-governo","tag-negocios","tag-politica"],"_links":{"self":[{"href":"https:\/\/blogs2.correiobraziliense.com.br\/vicente\/wp-json\/wp\/v2\/posts\/17772","targetHints":{"allow":["GET"]}}],"collection":[{"href":"https:\/\/blogs2.correiobraziliense.com.br\/vicente\/wp-json\/wp\/v2\/posts"}],"about":[{"href":"https:\/\/blogs2.correiobraziliense.com.br\/vicente\/wp-json\/wp\/v2\/types\/post"}],"author":[{"embeddable":true,"href":"https:\/\/blogs2.correiobraziliense.com.br\/vicente\/wp-json\/wp\/v2\/users\/22"}],"replies":[{"embeddable":true,"href":"https:\/\/blogs2.correiobraziliense.com.br\/vicente\/wp-json\/wp\/v2\/comments?post=17772"}],"version-history":[{"count":1,"href":"https:\/\/blogs2.correiobraziliense.com.br\/vicente\/wp-json\/wp\/v2\/posts\/17772\/revisions"}],"predecessor-version":[{"id":17773,"href":"https:\/\/blogs2.correiobraziliense.com.br\/vicente\/wp-json\/wp\/v2\/posts\/17772\/revisions\/17773"}],"wp:featuredmedia":[{"embeddable":true,"href":"https:\/\/blogs2.correiobraziliense.com.br\/vicente\/wp-json\/wp\/v2\/media\/10448"}],"wp:attachment":[{"href":"https:\/\/blogs2.correiobraziliense.com.br\/vicente\/wp-json\/wp\/v2\/media?parent=17772"}],"wp:term":[{"taxonomy":"category","embeddable":true,"href":"https:\/\/blogs2.correiobraziliense.com.br\/vicente\/wp-json\/wp\/v2\/categories?post=17772"},{"taxonomy":"post_tag","embeddable":true,"href":"https:\/\/blogs2.correiobraziliense.com.br\/vicente\/wp-json\/wp\/v2\/tags?post=17772"}],"curies":[{"name":"wp","href":"https:\/\/api.w.org\/{rel}","templated":true}]}}