{"id":17780,"date":"2021-03-23T19:55:44","date_gmt":"2021-03-23T22:55:44","guid":{"rendered":"https:\/\/blogs2.correiobraziliense.com.br\/vicente\/?p=17780"},"modified":"2021-03-23T20:09:00","modified_gmt":"2021-03-23T23:09:00","slug":"distrito-federal-recebe-r-253-milhoes-para-reforcar-seguranca-publica","status":"publish","type":"post","link":"https:\/\/blogs2.correiobraziliense.com.br\/vicente\/distrito-federal-recebe-r-253-milhoes-para-reforcar-seguranca-publica\/","title":{"rendered":"Distrito Federal recebe R$ 25,3 milh\u00f5es para refor\u00e7ar seguran\u00e7a p\u00fablica"},"content":{"rendered":"<h2>O Distrito Federal ganhou refor\u00e7o no caixa de R$ 25,3 milh\u00f5es para a aplica\u00e7\u00e3o imediata em pol\u00edticas p\u00fablicas na \u00e1rea de seguran\u00e7a p\u00fablica. Os recursos foram desbloqueados pelo\u00a0Minist\u00e9rio da Justi\u00e7a e Seguran\u00e7a P\u00fablica.<\/h2>\n<p>&nbsp;<\/p>\n<p>O dinheiro contribuir\u00e1 para a aquisi\u00e7\u00e3o de equipamentos modernos, novas tecnologias, viaturas mais seguras e capacita\u00e7\u00e3o profissional.<\/p>\n<p>&nbsp;<\/p>\n<p>A verba \u00e9 oriunda do Fundo Nacional de Seguran\u00e7a P\u00fablica (FNSP) e se refere aos eixos de enfrentamento \u00e0 criminalidade violenta e valoriza\u00e7\u00e3o dos profissionais de seguran\u00e7a p\u00fablica.<\/p>\n<p>&nbsp;<\/p>\n<p>O Minist\u00e9rio da Justi\u00e7a informa que o desbloqueio aconteceu ap\u00f3s an\u00e1lise e aprova\u00e7\u00e3o dos Planos de Aplica\u00e7\u00e3o entregues pelos entes federados.<\/p>\n<p>&nbsp;<\/p>\n<p>A pasta\u00a0est\u00e1 trabalhando em conjunto com os secret\u00e1rios de Seguran\u00e7a P\u00fablica de todo o pa\u00eds na atualiza\u00e7\u00e3o dos eixos de financiamento e crit\u00e9rios de rateio dos recursos do FNSP.<\/p>\n<p>&nbsp;<\/p>\n<p><em>Bras\u00edlia, 19h55min<\/em><\/p>\n","protected":false},"excerpt":{"rendered":"<p>O Distrito Federal ganhou refor\u00e7o no caixa de R$ 25,3 milh\u00f5es para a aplica\u00e7\u00e3o imediata em pol\u00edticas p\u00fablicas na \u00e1rea de seguran\u00e7a p\u00fablica. Os recursos foram desbloqueados pelo\u00a0Minist\u00e9rio da Justi\u00e7a e Seguran\u00e7a P\u00fablica. &nbsp; O dinheiro contribuir\u00e1 para a aquisi\u00e7\u00e3o de equipamentos modernos, novas tecnologias, viaturas mais seguras e capacita\u00e7\u00e3o profissional. &nbsp; A verba \u00e9 [&hellip;]<\/p>\n","protected":false},"author":22,"featured_media":14122,"comment_status":"open","ping_status":"closed","sticky":false,"template":"","format":"standard","meta":{"wpb_read_more":[],"footnotes":""},"categories":[600],"tags":[5295,926,5294,589,2787],"class_list":["post-17780","post","type-post","status-publish","format-standard","has-post-thumbnail","hentry","category-economia","tag-3-milhoes-para-reforcar-seguranca-publica","tag-brasilia","tag-distrito-federal-recebe-r-25","tag-economia","tag-politica"],"_links":{"self":[{"href":"https:\/\/blogs2.correiobraziliense.com.br\/vicente\/wp-json\/wp\/v2\/posts\/17780","targetHints":{"allow":["GET"]}}],"collection":[{"href":"https:\/\/blogs2.correiobraziliense.com.br\/vicente\/wp-json\/wp\/v2\/posts"}],"about":[{"href":"https:\/\/blogs2.correiobraziliense.com.br\/vicente\/wp-json\/wp\/v2\/types\/post"}],"author":[{"embeddable":true,"href":"https:\/\/blogs2.correiobraziliense.com.br\/vicente\/wp-json\/wp\/v2\/users\/22"}],"replies":[{"embeddable":true,"href":"https:\/\/blogs2.correiobraziliense.com.br\/vicente\/wp-json\/wp\/v2\/comments?post=17780"}],"version-history":[{"count":1,"href":"https:\/\/blogs2.correiobraziliense.com.br\/vicente\/wp-json\/wp\/v2\/posts\/17780\/revisions"}],"predecessor-version":[{"id":17781,"href":"https:\/\/blogs2.correiobraziliense.com.br\/vicente\/wp-json\/wp\/v2\/posts\/17780\/revisions\/17781"}],"wp:featuredmedia":[{"embeddable":true,"href":"https:\/\/blogs2.correiobraziliense.com.br\/vicente\/wp-json\/wp\/v2\/media\/14122"}],"wp:attachment":[{"href":"https:\/\/blogs2.correiobraziliense.com.br\/vicente\/wp-json\/wp\/v2\/media?parent=17780"}],"wp:term":[{"taxonomy":"category","embeddable":true,"href":"https:\/\/blogs2.correiobraziliense.com.br\/vicente\/wp-json\/wp\/v2\/categories?post=17780"},{"taxonomy":"post_tag","embeddable":true,"href":"https:\/\/blogs2.correiobraziliense.com.br\/vicente\/wp-json\/wp\/v2\/tags?post=17780"}],"curies":[{"name":"wp","href":"https:\/\/api.w.org\/{rel}","templated":true}]}}