{"id":17791,"date":"2021-03-24T15:25:50","date_gmt":"2021-03-24T18:25:50","guid":{"rendered":"https:\/\/blogs2.correiobraziliense.com.br\/vicente\/?p=17791"},"modified":"2021-03-24T16:02:57","modified_gmt":"2021-03-24T19:02:57","slug":"novo-presidente-do-bb-monta-equipe-antonio-barreto-vai-para-a-vice-presidencia-de-governo","status":"publish","type":"post","link":"https:\/\/blogs2.correiobraziliense.com.br\/vicente\/novo-presidente-do-bb-monta-equipe-antonio-barreto-vai-para-a-vice-presidencia-de-governo\/","title":{"rendered":"Novo presidente do BB monta equipe: Ant\u00f4nio Barreto vai para a vice-presid\u00eancia de Governo"},"content":{"rendered":"<h2>Sem alarde, sobretudo porque seu nome ainda est\u00e1 sendo submetido \u00e0s regras de avalia\u00e7\u00e3o, o novo presidente do Banco do Brasil, Fausto Ribeiro, est\u00e1 come\u00e7ando a montar sua equipe. O primeiro nome escolhido \u00e9 o de Ant\u00f4nio Barreto, que comandar\u00e1 a vice-presid\u00eancia de Governo da institui\u00e7\u00e3o.<\/h2>\n<p>&nbsp;<\/p>\n<p>Barreto, que foi cotado para substituir Andr\u00e9 Brand\u00e3o no comando do Banco do Brasil, \u00e9 hoje secret\u00e1rio-executivo do Minist\u00e9rio da Cidadania, com forte tr\u00e2nsito no Pal\u00e1cio do Planalto, sobretudo por causa do trabalho que realizou envolvendo o aux\u00edlio emergencial. Ele \u00e9 funcion\u00e1rio de carreira do BB.<\/p>\n<p>&nbsp;<\/p>\n<p>Experiente e conhecedor dos meandros pol\u00edticos de Bras\u00edlia, Barreto est\u00e1 tendo papel fundamental no preparo de Fausto Ribeiro para tocar a maior institui\u00e7\u00e3o financeira do pa\u00eds. Juntos, t\u00eam sondado figuras estrat\u00e9gicas com o objetivo de dar uma cara nova ao Banco do Brasil.<\/p>\n<p>&nbsp;<\/p>\n<p><strong>Vaga ambicionada pelo Centr\u00e3o<\/strong><\/p>\n<p>&nbsp;<\/p>\n<p>A indica\u00e7\u00e3o de Ant\u00f4nio Barreto para a vice-presid\u00eancia do Banco do Brasil \u00e9 vista por Ribeiro como um trunfo, uma vez que se cogitava a nomea\u00e7\u00e3o de um pol\u00edtico do Centr\u00e3o para a vaga. O presidente da C\u00e2mara, Arthur Lira, ambicionava a vaga hoje ocupada por Jo\u00e3o Rabelo.<\/p>\n<p>&nbsp;<\/p>\n<p>Desde o governo Lula, convencionou-se dar a vice-presid\u00eancia de Governo do BB a pol\u00edticos. Isso mudou a partir da gest\u00e3o de Rubem Novaes, o primeiro presidente do Banco do Brasil na administra\u00e7\u00e3o Bolsonaro. Novaes bateu o p\u00e9 para fazer a pr\u00f3pria equipe, mas durou pouco.<\/p>\n<p>&nbsp;<\/p>\n<p><a href=\"https:\/\/blogs2.correiobraziliense.com.br\/vicente\/novo-presidente-do-bb-enterra-privatizacao-da-instituicao-e-deve-vetar-venda-da-bb-dtvm\/\">No que depender de Fausto Ribeiro, que comandava a BB Cons\u00f3rcios, qualquer estudo no sentido de privatizar o Banco do Brasil ser\u00e1 enterrado<\/a>, at\u00e9 para acalmar os funcion\u00e1rios da institui\u00e7\u00e3o. Ele tamb\u00e9m deve deixar de lado os planos de vendas de ativos do banco, como a BB DTVM, ambicionada pelo su\u00ed\u00e7o UBS.<\/p>\n<p>&nbsp;<\/p>\n<p>A perspectiva \u00e9 de que Fausto Ribeiro tome posse na presid\u00eancia do Banco do Brasil no in\u00edcio de abril. A partir do momento em que seu nome for aprovado pelo Comit\u00ea de Elegibilidade do BB, o presidente Bolsonaro poder\u00e1 baixar decreto com a nomea\u00e7\u00e3o do executivo que substituir\u00e1 Andr\u00e9 Brand\u00e3o.<\/p>\n<p>&nbsp;<\/p>\n<p><em>Bras\u00edlia, 15h25min<\/em><\/p>\n","protected":false},"excerpt":{"rendered":"<p>Sem alarde, sobretudo porque seu nome ainda est\u00e1 sendo submetido \u00e0s regras de avalia\u00e7\u00e3o, o novo presidente do Banco do Brasil, Fausto Ribeiro, est\u00e1 come\u00e7ando a montar sua equipe. O primeiro nome escolhido \u00e9 o de Ant\u00f4nio Barreto, que comandar\u00e1 a vice-presid\u00eancia de Governo da institui\u00e7\u00e3o. &nbsp; Barreto, que foi cotado para substituir Andr\u00e9 Brand\u00e3o [&hellip;]<\/p>\n","protected":false},"author":22,"featured_media":11457,"comment_status":"open","ping_status":"closed","sticky":false,"template":"","format":"standard","meta":{"wpb_read_more":[],"footnotes":""},"categories":[600],"tags":[926,589,4943,5298,2787],"class_list":["post-17791","post","type-post","status-publish","format-standard","has-post-thumbnail","hentry","category-economia","tag-brasilia","tag-economia","tag-financas","tag-novo-presidente-do-bb-monta-equipe-antonio-barreto-vai-para-a-vice-presidencia-de-governo","tag-politica"],"_links":{"self":[{"href":"https:\/\/blogs2.correiobraziliense.com.br\/vicente\/wp-json\/wp\/v2\/posts\/17791","targetHints":{"allow":["GET"]}}],"collection":[{"href":"https:\/\/blogs2.correiobraziliense.com.br\/vicente\/wp-json\/wp\/v2\/posts"}],"about":[{"href":"https:\/\/blogs2.correiobraziliense.com.br\/vicente\/wp-json\/wp\/v2\/types\/post"}],"author":[{"embeddable":true,"href":"https:\/\/blogs2.correiobraziliense.com.br\/vicente\/wp-json\/wp\/v2\/users\/22"}],"replies":[{"embeddable":true,"href":"https:\/\/blogs2.correiobraziliense.com.br\/vicente\/wp-json\/wp\/v2\/comments?post=17791"}],"version-history":[{"count":2,"href":"https:\/\/blogs2.correiobraziliense.com.br\/vicente\/wp-json\/wp\/v2\/posts\/17791\/revisions"}],"predecessor-version":[{"id":17793,"href":"https:\/\/blogs2.correiobraziliense.com.br\/vicente\/wp-json\/wp\/v2\/posts\/17791\/revisions\/17793"}],"wp:featuredmedia":[{"embeddable":true,"href":"https:\/\/blogs2.correiobraziliense.com.br\/vicente\/wp-json\/wp\/v2\/media\/11457"}],"wp:attachment":[{"href":"https:\/\/blogs2.correiobraziliense.com.br\/vicente\/wp-json\/wp\/v2\/media?parent=17791"}],"wp:term":[{"taxonomy":"category","embeddable":true,"href":"https:\/\/blogs2.correiobraziliense.com.br\/vicente\/wp-json\/wp\/v2\/categories?post=17791"},{"taxonomy":"post_tag","embeddable":true,"href":"https:\/\/blogs2.correiobraziliense.com.br\/vicente\/wp-json\/wp\/v2\/tags?post=17791"}],"curies":[{"name":"wp","href":"https:\/\/api.w.org\/{rel}","templated":true}]}}