{"id":17804,"date":"2021-03-24T19:04:43","date_gmt":"2021-03-24T22:04:43","guid":{"rendered":"https:\/\/blogs2.correiobraziliense.com.br\/vicente\/?p=17804"},"modified":"2021-03-24T19:12:40","modified_gmt":"2021-03-24T22:12:40","slug":"curva-de-juros-futuros-ja-mostra-selic-em-9-no-fim-de-2022","status":"publish","type":"post","link":"https:\/\/blogs2.correiobraziliense.com.br\/vicente\/curva-de-juros-futuros-ja-mostra-selic-em-9-no-fim-de-2022\/","title":{"rendered":"Curva de juros futuros j\u00e1 mostra Selic em 9% no fim de 2022"},"content":{"rendered":"<h2><span style=\"font-weight: 400\">ROSANA HESSEL<\/span><\/h2>\n<h2><\/h2>\n<h2><span style=\"font-weight: 400\">Enquanto o Brasil atravessa o pior momento da pandemia e rompe a marca de 300 mil mortos por covid-19 e o governo continua batendo cabe\u00e7a em rela\u00e7\u00e3o ao lento processo de vacina\u00e7\u00e3o, a desconfian\u00e7a do mercado em rela\u00e7\u00e3o ao governo e ao Banco Central \u00e9 crescente, tanto que agentes financeiros j\u00e1 trabalham com a taxa b\u00e1sica de juros (Selic) chegando a 9% no fim de 2022.\u00a0<\/span><\/h2>\n<p>&nbsp;<\/p>\n<p><span style=\"font-weight: 400\">A falta de confian\u00e7a aumentou ap\u00f3s o Comit\u00ea de Pol\u00edtica Monet\u00e1ria (Copom), do Banco Central, elevar a taxa b\u00e1sica da economia (Selic) pela primeira vez em seis anos, de 2% para 2,75% anuais, a curva de juros futuros, negociados nos contratos DI, est\u00e1 cada vez mais inclinada, ou seja, apontando juros cada vez mais altos &#8212; na contram\u00e3o da expectativa da autoridade monet\u00e1ria ao sinalizar um processo de normaliza\u00e7\u00e3o gradual.\u00a0<\/span><\/p>\n<p>&nbsp;<\/p>\n<p><span style=\"font-weight: 400\">As proje\u00e7\u00f5es recentes j\u00e1 apontam a Selic encerrando o ano atingindo a taxa neutra, de 6% a 6,5% pelos analistas, o que ser\u00e1 p\u00e9ssimo para a atividade econ\u00f4mica, porque ela deixar\u00e1 de ser estimulativa, e para o custo da d\u00edvida p\u00fablica, que ficar\u00e1 bem maior. Esse aumento mostra que\u00a0<\/span><span style=\"font-weight: 400\">o mercado est\u00e1 desconfiado e vai cobrar bem caro quando o governo federal quiser fazer novas emiss\u00f5es ou rolagem da d\u00edvida atual que tem R$ 581 bilh\u00f5es vencendo entre mar\u00e7o e maio.\u00a0Nesta quarta-feira (24\/03), o Tesouro Nacional informou que <a href=\"https:\/\/blogs2.correiobraziliense.com.br\/vicente\/colchao-da-divida-cresce-r-127-bilhoes-e-e-suficiente-para-seis-meses-diz-tesouro\/\">o colch\u00e3o de liquidez \u00e9 suficiente para seis meses<\/a><\/span>, mas n\u00e3o ser\u00e1 f\u00e1cil rolar parte desses vencimentos com uma curva de juros t\u00e3o inclinada.<\/p>\n<p>&nbsp;<\/p>\n<p><span style=\"font-weight: 400\">\u201cPesou no mercado de juros futuros a decis\u00e3o e o comunicado do Copom. Acho que o BC exagerou na dose ao colocar mais foco na infla\u00e7\u00e3o de 2021 do que na de 2022 e e est\u00e1 superestimando a atividade para este\u201d, avaliou o economista Sergio Goldenstein, consultor independente da Ohmresearch Independent Insights, em entrevista ao <strong>Blog<\/strong>.\u00a0<\/span><\/p>\n<p>&nbsp;<\/p>\n<p><span style=\"font-weight: 400\">De acordo com ele, apesar de o Banco Central ter sinalizado que pretende elevar a Selic na pr\u00f3xima reuni\u00e3o do Copom em 0,75 ponto percentual (p.p.), prevista para os dias 4 e 5 de maio, as apostas do mercado j\u00e1 est\u00e3o em 1,00 ponto.\u00a0 \u201cA curva de juros futuros j\u00e1 mostra uma Selic de 6,5% em dezembro deste ano e de 9% no fim de 2022\u201d, acrescentou.<\/span><\/p>\n<p>&nbsp;<\/p>\n<p>A mediana das proje\u00e7\u00f5es do mercado para a Selic deste ano passou de 5,5% , na semana passada, para 6%, nesta semana, conforme dados do boletim Focus, do Banco Central. E, para 2022, a mediana ainda est\u00e1 em 6% h\u00e1 21 semanas, mas poder\u00e1 sofrer altera\u00e7\u00f5es no pr\u00f3ximo relat\u00f3rio.<\/p>\n<p>&nbsp;<\/p>\n<p>&nbsp;<\/p>\n","protected":false},"excerpt":{"rendered":"<p>ROSANA HESSEL Enquanto o Brasil atravessa o pior momento da pandemia e rompe a marca de 300 mil mortos por covid-19 e o governo continua batendo cabe\u00e7a em rela\u00e7\u00e3o ao lento processo de vacina\u00e7\u00e3o, a desconfian\u00e7a do mercado em rela\u00e7\u00e3o ao governo e ao Banco Central \u00e9 crescente, tanto que agentes financeiros j\u00e1 trabalham com [&hellip;]<\/p>\n","protected":false},"author":22,"featured_media":17053,"comment_status":"open","ping_status":"closed","sticky":false,"template":"","format":"standard","meta":{"wpb_read_more":[],"footnotes":""},"categories":[600],"tags":[3,4,4510,34],"class_list":["post-17804","post","type-post","status-publish","format-standard","has-post-thumbnail","hentry","category-economia","tag-banco-central","tag-juros","tag-pandemia","tag-selic"],"_links":{"self":[{"href":"https:\/\/blogs2.correiobraziliense.com.br\/vicente\/wp-json\/wp\/v2\/posts\/17804","targetHints":{"allow":["GET"]}}],"collection":[{"href":"https:\/\/blogs2.correiobraziliense.com.br\/vicente\/wp-json\/wp\/v2\/posts"}],"about":[{"href":"https:\/\/blogs2.correiobraziliense.com.br\/vicente\/wp-json\/wp\/v2\/types\/post"}],"author":[{"embeddable":true,"href":"https:\/\/blogs2.correiobraziliense.com.br\/vicente\/wp-json\/wp\/v2\/users\/22"}],"replies":[{"embeddable":true,"href":"https:\/\/blogs2.correiobraziliense.com.br\/vicente\/wp-json\/wp\/v2\/comments?post=17804"}],"version-history":[{"count":6,"href":"https:\/\/blogs2.correiobraziliense.com.br\/vicente\/wp-json\/wp\/v2\/posts\/17804\/revisions"}],"predecessor-version":[{"id":17811,"href":"https:\/\/blogs2.correiobraziliense.com.br\/vicente\/wp-json\/wp\/v2\/posts\/17804\/revisions\/17811"}],"wp:featuredmedia":[{"embeddable":true,"href":"https:\/\/blogs2.correiobraziliense.com.br\/vicente\/wp-json\/wp\/v2\/media\/17053"}],"wp:attachment":[{"href":"https:\/\/blogs2.correiobraziliense.com.br\/vicente\/wp-json\/wp\/v2\/media?parent=17804"}],"wp:term":[{"taxonomy":"category","embeddable":true,"href":"https:\/\/blogs2.correiobraziliense.com.br\/vicente\/wp-json\/wp\/v2\/categories?post=17804"},{"taxonomy":"post_tag","embeddable":true,"href":"https:\/\/blogs2.correiobraziliense.com.br\/vicente\/wp-json\/wp\/v2\/tags?post=17804"}],"curies":[{"name":"wp","href":"https:\/\/api.w.org\/{rel}","templated":true}]}}