{"id":17832,"date":"2021-03-25T12:20:14","date_gmt":"2021-03-25T15:20:14","guid":{"rendered":"https:\/\/blogs2.correiobraziliense.com.br\/vicente\/?p=17832"},"modified":"2021-03-25T15:34:29","modified_gmt":"2021-03-25T18:34:29","slug":"r-50-bilhoes-quase-nas-maos-de-aposentados-e-pensionistas-do-inss","status":"publish","type":"post","link":"https:\/\/blogs2.correiobraziliense.com.br\/vicente\/r-50-bilhoes-quase-nas-maos-de-aposentados-e-pensionistas-do-inss\/","title":{"rendered":"R$ 50 bilh\u00f5es quase nas m\u00e3os de aposentados e pensionistas do INSS"},"content":{"rendered":"<h2>Aposentados e pensionistas do Instituto Nacional do Seguro Social (INSS), que est\u00e3o ansiosos por receberem, antecipadamente, o 13\u00ba sal\u00e1rio deste ano podem se animar: o anuncio da libera\u00e7\u00e3o do dinheiro poder\u00e1 ser feito ainda nesta quinta-feira (25\/03) ou na sexta (26\/06). Ser\u00e3o liberados R$ 50 bilh\u00f5es em duas parcelas.<\/h2>\n<p>&nbsp;<\/p>\n<p>A perspectiva \u00e9 de que a primeira parte do 13\u00ba seja paga em abril e a segunda, em maio. O ministro da Economia, Paulo Guedes, j\u00e1 deu o aval para a antecipa\u00e7\u00e3o. S\u00f3 est\u00e1 esperando a aprova\u00e7\u00e3o do Or\u00e7amento da Uni\u00e3o, o que deve ocorrer nesta quinta. O ministro falou sobre a libera\u00e7\u00e3o dos recursos em depoimento do Senado.<\/p>\n<p>&nbsp;<\/p>\n<p>Muita gente tinha feito planos para receber a antecipa\u00e7\u00e3o do 13\u00ba sal\u00e1rio ainda entre fevereiro e mar\u00e7o. O governo havia sinalizado o pagamento do benef\u00edcio a aposentados e pensionistas do INSS. Mas Guedes considerou mais prudente esperar a aprova\u00e7\u00e3o do Or\u00e7amento para ter a certeza da verba necess\u00e1ria para o sal\u00e1rio extra.<\/p>\n<p>&nbsp;<\/p>\n<p>Muitos aposentados e pensionistas dizem que est\u00e3o com o or\u00e7amento apertado por causa da pandemia. H\u00e1 relatos de que os idosos est\u00e3o tendo de bancar filhos e netos que perderam as fontes de renda por causa da pandemia do novo coronav\u00edrus.<\/p>\n<p>&nbsp;<\/p>\n<p>Os segurados do INSS j\u00e1 t\u00eam papel importante como provedores de renda em boa parte dos lares brasileiros, mas, com a disparada do desemprego, as responsabilidades dos idosos aumentaram muito. Sem falar que boa parte deles est\u00e1 com os contracheques comprometidos com empr\u00e9stimos consignados.<\/p>\n<p>&nbsp;<\/p>\n<p><em>Bras\u00edlia, 12h20min<\/em><\/p>\n","protected":false},"excerpt":{"rendered":"<p>Aposentados e pensionistas do Instituto Nacional do Seguro Social (INSS), que est\u00e3o ansiosos por receberem, antecipadamente, o 13\u00ba sal\u00e1rio deste ano podem se animar: o anuncio da libera\u00e7\u00e3o do dinheiro poder\u00e1 ser feito ainda nesta quinta-feira (25\/03) ou na sexta (26\/06). Ser\u00e3o liberados R$ 50 bilh\u00f5es em duas parcelas. &nbsp; A perspectiva \u00e9 de que [&hellip;]<\/p>\n","protected":false},"author":22,"featured_media":14173,"comment_status":"open","ping_status":"closed","sticky":false,"template":"","format":"standard","meta":{"wpb_read_more":[],"footnotes":""},"categories":[600],"tags":[589,4547,2787,5300],"class_list":["post-17832","post","type-post","status-publish","format-standard","has-post-thumbnail","hentry","category-economia","tag-economia","tag-negocios","tag-politica","tag-r-50-bilhoes-quase-nas-maos-de-aposentados-e-pensionistas-do-inss"],"_links":{"self":[{"href":"https:\/\/blogs2.correiobraziliense.com.br\/vicente\/wp-json\/wp\/v2\/posts\/17832","targetHints":{"allow":["GET"]}}],"collection":[{"href":"https:\/\/blogs2.correiobraziliense.com.br\/vicente\/wp-json\/wp\/v2\/posts"}],"about":[{"href":"https:\/\/blogs2.correiobraziliense.com.br\/vicente\/wp-json\/wp\/v2\/types\/post"}],"author":[{"embeddable":true,"href":"https:\/\/blogs2.correiobraziliense.com.br\/vicente\/wp-json\/wp\/v2\/users\/22"}],"replies":[{"embeddable":true,"href":"https:\/\/blogs2.correiobraziliense.com.br\/vicente\/wp-json\/wp\/v2\/comments?post=17832"}],"version-history":[{"count":1,"href":"https:\/\/blogs2.correiobraziliense.com.br\/vicente\/wp-json\/wp\/v2\/posts\/17832\/revisions"}],"predecessor-version":[{"id":17833,"href":"https:\/\/blogs2.correiobraziliense.com.br\/vicente\/wp-json\/wp\/v2\/posts\/17832\/revisions\/17833"}],"wp:featuredmedia":[{"embeddable":true,"href":"https:\/\/blogs2.correiobraziliense.com.br\/vicente\/wp-json\/wp\/v2\/media\/14173"}],"wp:attachment":[{"href":"https:\/\/blogs2.correiobraziliense.com.br\/vicente\/wp-json\/wp\/v2\/media?parent=17832"}],"wp:term":[{"taxonomy":"category","embeddable":true,"href":"https:\/\/blogs2.correiobraziliense.com.br\/vicente\/wp-json\/wp\/v2\/categories?post=17832"},{"taxonomy":"post_tag","embeddable":true,"href":"https:\/\/blogs2.correiobraziliense.com.br\/vicente\/wp-json\/wp\/v2\/tags?post=17832"}],"curies":[{"name":"wp","href":"https:\/\/api.w.org\/{rel}","templated":true}]}}