{"id":1806,"date":"2016-07-04T16:15:13","date_gmt":"2016-07-04T19:15:13","guid":{"rendered":"https:\/\/blogs2.correiobraziliense.com.br\/vicente\/?p=1806"},"modified":"2016-07-08T09:27:37","modified_gmt":"2016-07-08T12:27:37","slug":"o-incomodo-jbs","status":"publish","type":"post","link":"https:\/\/blogs2.correiobraziliense.com.br\/vicente\/o-incomodo-jbs\/","title":{"rendered":"O inc\u00f4modo JBS"},"content":{"rendered":"<p>Gente decente que trabalha no setor p\u00fablico anda se perguntando o que o governo far\u00e1 com o grupo JBS, caso seja levada adiante a proposta de transfer\u00eancia de sua sede para a Irlanda. O grupo, do qual fizeram parte o atual ministro da Fazenda, Henrique Meirelles, e seu secret\u00e1rio de Pol\u00edtica Econ\u00f4mica, Carlos Hamilton, quer fugir dos impostos pagos no Brasil. A proposta prev\u00ea a cria\u00e7\u00e3o da \u00a0JBS Foods International,, cujas a\u00e7\u00f5es ser\u00e3o listadas na Bolsa de Nova York.<\/p>\n<p>&nbsp;<\/p>\n<p>O JBS entrou de vez na Opera\u00e7\u00e3o Lava-Jato. Na semana passada, a Pol\u00edcia Federal fez buscas e apreens\u00f5es na casa de seu presidente, Joesley Batista. Uma das empresas do grupo, a Eldorado Celulose, pegou R$ 940 milh\u00f5es emprestados do FI-FGTS, fundo de investimentos bancado com recursos do Fundo de Garantia do Tempo de Servi\u00e7o (FGTS). Desse total, R$ 9,4 milh\u00f5es teriam sido pagos em propina ao deputado afastado Eduardo Cunha.<\/p>\n<p>&nbsp;<\/p>\n<p>O grupo JBS \u00e9 um dos maiores doadores de recursos para campanhas pol\u00edticas. Tamb\u00e9m se notabilizou por crescer com a ajuda de recursos p\u00fablicos. O grupo foi escolhido pelo ent\u00e3o presidente Lula como um dos campe\u00f5es nacionais. Estima-se que tenha recebido mais de R$ 12 bilh\u00f5es de bancos federais.<\/p>\n<p>&nbsp;<\/p>\n<p><em>Bras\u00edlia, 16h15min<\/em><\/p>\n","protected":false},"excerpt":{"rendered":"<p>Gente decente que trabalha no setor p\u00fablico anda se perguntando o que o governo far\u00e1 com o grupo JBS, caso seja levada adiante a proposta de transfer\u00eancia de sua sede para a Irlanda. O grupo, do qual fizeram parte o atual ministro da Fazenda, Henrique Meirelles, e seu secret\u00e1rio de Pol\u00edtica Econ\u00f4mica, Carlos Hamilton, quer [&hellip;]<\/p>\n","protected":false},"author":22,"featured_media":0,"comment_status":"open","ping_status":"closed","sticky":false,"template":"","format":"standard","meta":{"wpb_read_more":[],"footnotes":""},"categories":[600,1],"tags":[255,508,559,509,558,41],"class_list":["post-1806","post","type-post","status-publish","format-standard","hentry","category-economia","category-sem-categoria","tag-corrupcao","tag-fi-fgts","tag-irlanda","tag-jbs","tag-joesley-batista","tag-lava-jato"],"_links":{"self":[{"href":"https:\/\/blogs2.correiobraziliense.com.br\/vicente\/wp-json\/wp\/v2\/posts\/1806","targetHints":{"allow":["GET"]}}],"collection":[{"href":"https:\/\/blogs2.correiobraziliense.com.br\/vicente\/wp-json\/wp\/v2\/posts"}],"about":[{"href":"https:\/\/blogs2.correiobraziliense.com.br\/vicente\/wp-json\/wp\/v2\/types\/post"}],"author":[{"embeddable":true,"href":"https:\/\/blogs2.correiobraziliense.com.br\/vicente\/wp-json\/wp\/v2\/users\/22"}],"replies":[{"embeddable":true,"href":"https:\/\/blogs2.correiobraziliense.com.br\/vicente\/wp-json\/wp\/v2\/comments?post=1806"}],"version-history":[{"count":1,"href":"https:\/\/blogs2.correiobraziliense.com.br\/vicente\/wp-json\/wp\/v2\/posts\/1806\/revisions"}],"predecessor-version":[{"id":1807,"href":"https:\/\/blogs2.correiobraziliense.com.br\/vicente\/wp-json\/wp\/v2\/posts\/1806\/revisions\/1807"}],"wp:attachment":[{"href":"https:\/\/blogs2.correiobraziliense.com.br\/vicente\/wp-json\/wp\/v2\/media?parent=1806"}],"wp:term":[{"taxonomy":"category","embeddable":true,"href":"https:\/\/blogs2.correiobraziliense.com.br\/vicente\/wp-json\/wp\/v2\/categories?post=1806"},{"taxonomy":"post_tag","embeddable":true,"href":"https:\/\/blogs2.correiobraziliense.com.br\/vicente\/wp-json\/wp\/v2\/tags?post=1806"}],"curies":[{"name":"wp","href":"https:\/\/api.w.org\/{rel}","templated":true}]}}