{"id":181,"date":"2015-09-02T00:01:00","date_gmt":"2015-09-02T03:01:00","guid":{"rendered":"https:\/\/blogs2.correiobraziliense.com.br\/vicente\/natal_do_desanimo\/"},"modified":"2015-09-02T00:01:00","modified_gmt":"2015-09-02T03:01:00","slug":"natal_do_desanimo","status":"publish","type":"post","link":"https:\/\/blogs2.correiobraziliense.com.br\/vicente\/natal_do_desanimo\/","title":{"rendered":"NATAL DO DES\u00c2NIMO"},"content":{"rendered":"<p>&nbsp;\u00bb Industriais e comerciantes jogaram a toalha e est\u00e3o prevendo o pior Natal em pelo menos duas d\u00e9cadas. Em vez de ampliarem a produ\u00e7\u00e3o, as f\u00e1bricas v\u00eam desligando m\u00e1quinas. As lojas est\u00e3o superestocadas. N\u00e3o h\u00e1 como se falar em novas encomendas.<b> <\/p>\n<p>Calote \u00e0 vista<\/b>&nbsp;\u00bb O que mais assusta os lojistas neste momento \u00e9 a disparada da inadimpl\u00eancia. Eles fazem as contas: com as demiss\u00f5es dos \u00faltimos meses, muita gente come\u00e7ar\u00e1 a deixar de pagar as contas justamente no fim de ano. Por enquanto, esse pessoal est\u00e1 pendurado no seguro-desemprego.<i> <\/p>\n<p><\/i><i>Bras\u00edlia, 00h01min<\/i>   <\/p>\n","protected":false},"excerpt":{"rendered":"<p>&nbsp;\u00bb Industriais e comerciantes jogaram a toalha e est\u00e3o prevendo o pior Natal em pelo menos duas d\u00e9cadas. Em vez de ampliarem a produ\u00e7\u00e3o, as f\u00e1bricas v\u00eam desligando m\u00e1quinas. As lojas est\u00e3o superestocadas. N\u00e3o h\u00e1 como se falar em novas encomendas. Calote \u00e0 vista&nbsp;\u00bb O que mais assusta os lojistas neste momento \u00e9 a disparada [&hellip;]<\/p>\n","protected":false},"author":22,"featured_media":0,"comment_status":"open","ping_status":"open","sticky":false,"template":"","format":"standard","meta":{"wpb_read_more":[],"footnotes":""},"categories":[1],"tags":[],"class_list":["post-181","post","type-post","status-publish","format-standard","hentry","category-sem-categoria"],"_links":{"self":[{"href":"https:\/\/blogs2.correiobraziliense.com.br\/vicente\/wp-json\/wp\/v2\/posts\/181","targetHints":{"allow":["GET"]}}],"collection":[{"href":"https:\/\/blogs2.correiobraziliense.com.br\/vicente\/wp-json\/wp\/v2\/posts"}],"about":[{"href":"https:\/\/blogs2.correiobraziliense.com.br\/vicente\/wp-json\/wp\/v2\/types\/post"}],"author":[{"embeddable":true,"href":"https:\/\/blogs2.correiobraziliense.com.br\/vicente\/wp-json\/wp\/v2\/users\/22"}],"replies":[{"embeddable":true,"href":"https:\/\/blogs2.correiobraziliense.com.br\/vicente\/wp-json\/wp\/v2\/comments?post=181"}],"version-history":[{"count":0,"href":"https:\/\/blogs2.correiobraziliense.com.br\/vicente\/wp-json\/wp\/v2\/posts\/181\/revisions"}],"wp:attachment":[{"href":"https:\/\/blogs2.correiobraziliense.com.br\/vicente\/wp-json\/wp\/v2\/media?parent=181"}],"wp:term":[{"taxonomy":"category","embeddable":true,"href":"https:\/\/blogs2.correiobraziliense.com.br\/vicente\/wp-json\/wp\/v2\/categories?post=181"},{"taxonomy":"post_tag","embeddable":true,"href":"https:\/\/blogs2.correiobraziliense.com.br\/vicente\/wp-json\/wp\/v2\/tags?post=181"}],"curies":[{"name":"wp","href":"https:\/\/api.w.org\/{rel}","templated":true}]}}