{"id":18167,"date":"2021-04-06T19:04:30","date_gmt":"2021-04-06T22:04:30","guid":{"rendered":"https:\/\/blogs2.correiobraziliense.com.br\/vicente\/?p=18167"},"modified":"2021-04-06T19:53:27","modified_gmt":"2021-04-06T22:53:27","slug":"flavio-bolsonaro-registra-boletim-de-ocorrencia-contra-o-deputado-ivan-valente","status":"publish","type":"post","link":"https:\/\/blogs2.correiobraziliense.com.br\/vicente\/flavio-bolsonaro-registra-boletim-de-ocorrencia-contra-o-deputado-ivan-valente\/","title":{"rendered":"Fl\u00e1vio Bolsonaro registra Boletim de Ocorr\u00eancia contra o deputado Ivan Valente"},"content":{"rendered":"<h2>COM LUANA PATRIOLINO<\/h2>\n<h2><\/h2>\n<h2>O senador Fl\u00e1vio Bolsonaro (Republicanos-RJ), filho mais velho do presidente Jair Bolsonaro, registrou Boletim de Ocorr\u00eancia (BO) na 5\u00aa Delegacia de Pol\u00edcia (DP), em Bras\u00edlia, contra o deputado Ivan Valente (PSol-SP) por denuncia\u00e7\u00e3o caluniosa.<\/h2>\n<p>&nbsp;<\/p>\n<p>Segundo o senador, ele est\u00e1 sendo acusado injustamente pelo deputado de cometer crime ao comprar uma mans\u00e3o de R$ 6 milh\u00f5es no Lago Sul, o bairro mais nobre de Bras\u00edlia. Valente \u00e9 o respons\u00e1vel pela abertura\u00a0de uma investiga\u00e7\u00e3o pelo Minist\u00e9rio P\u00fablico do Distrito Federal (MPDFT) contra Fl\u00e1vio. O \u00f3rg\u00e3o vai apurar o empr\u00e9stimo concedido pelo Banco de Bras\u00edlia (BRB) para a compra da mans\u00e3o.<\/p>\n<p>&nbsp;<\/p>\n<p>Tanto o senador quanto o banco alegam que a opera\u00e7\u00e3o de cr\u00e9dito est\u00e1 dentro das regras do mercado. &#8220;Tudo est\u00e1 registrado em cart\u00f3rio, redondinho, transparente, dentro da lei. A verdade vai prevalecer&#8221;, diz o senador.<\/p>\n<p>&nbsp;<\/p>\n<p>Fl\u00e1vio responde a processo na Justi\u00e7a do Rio de Janeiro. Ele \u00e9 acusado de comandar um esquema de rachadinha em seu gabinete quando foi deputado na Assembleia Legislativa do Rio.<\/p>\n<p>&nbsp;<\/p>\n<p>Pelo esquema, os funcion\u00e1rios eram obrigados a devolver parte dos sal\u00e1rios ao ent\u00e3o deputado. A rachadinha era administrada por Fabr\u00edcio Queiroz. Fl\u00e1vio \u00e9 acusado de chefiar uma organiza\u00e7\u00e3o criminosa.<\/p>\n","protected":false},"excerpt":{"rendered":"<p>COM LUANA PATRIOLINO O senador Fl\u00e1vio Bolsonaro (Republicanos-RJ), filho mais velho do presidente Jair Bolsonaro, registrou Boletim de Ocorr\u00eancia (BO) na 5\u00aa Delegacia de Pol\u00edcia (DP), em Bras\u00edlia, contra o deputado Ivan Valente (PSol-SP) por denuncia\u00e7\u00e3o caluniosa. &nbsp; Segundo o senador, ele est\u00e1 sendo acusado injustamente pelo deputado de cometer crime ao comprar uma mans\u00e3o [&hellip;]<\/p>\n","protected":false},"author":22,"featured_media":18168,"comment_status":"open","ping_status":"closed","sticky":false,"template":"","format":"standard","meta":{"wpb_read_more":[],"footnotes":""},"categories":[600],"tags":[926,5344,2526,2787],"class_list":["post-18167","post","type-post","status-publish","format-standard","has-post-thumbnail","hentry","category-economia","tag-brasilia","tag-flavio-bolsonaro-esta-na-5a-dp-registrando-um-boletim-de-ocorrencia","tag-poder","tag-politica"],"_links":{"self":[{"href":"https:\/\/blogs2.correiobraziliense.com.br\/vicente\/wp-json\/wp\/v2\/posts\/18167","targetHints":{"allow":["GET"]}}],"collection":[{"href":"https:\/\/blogs2.correiobraziliense.com.br\/vicente\/wp-json\/wp\/v2\/posts"}],"about":[{"href":"https:\/\/blogs2.correiobraziliense.com.br\/vicente\/wp-json\/wp\/v2\/types\/post"}],"author":[{"embeddable":true,"href":"https:\/\/blogs2.correiobraziliense.com.br\/vicente\/wp-json\/wp\/v2\/users\/22"}],"replies":[{"embeddable":true,"href":"https:\/\/blogs2.correiobraziliense.com.br\/vicente\/wp-json\/wp\/v2\/comments?post=18167"}],"version-history":[{"count":13,"href":"https:\/\/blogs2.correiobraziliense.com.br\/vicente\/wp-json\/wp\/v2\/posts\/18167\/revisions"}],"predecessor-version":[{"id":18183,"href":"https:\/\/blogs2.correiobraziliense.com.br\/vicente\/wp-json\/wp\/v2\/posts\/18167\/revisions\/18183"}],"wp:featuredmedia":[{"embeddable":true,"href":"https:\/\/blogs2.correiobraziliense.com.br\/vicente\/wp-json\/wp\/v2\/media\/18168"}],"wp:attachment":[{"href":"https:\/\/blogs2.correiobraziliense.com.br\/vicente\/wp-json\/wp\/v2\/media?parent=18167"}],"wp:term":[{"taxonomy":"category","embeddable":true,"href":"https:\/\/blogs2.correiobraziliense.com.br\/vicente\/wp-json\/wp\/v2\/categories?post=18167"},{"taxonomy":"post_tag","embeddable":true,"href":"https:\/\/blogs2.correiobraziliense.com.br\/vicente\/wp-json\/wp\/v2\/tags?post=18167"}],"curies":[{"name":"wp","href":"https:\/\/api.w.org\/{rel}","templated":true}]}}