{"id":18184,"date":"2021-04-06T20:13:58","date_gmt":"2021-04-06T23:13:58","guid":{"rendered":"https:\/\/blogs2.correiobraziliense.com.br\/vicente\/?p=18184"},"modified":"2021-04-06T20:31:43","modified_gmt":"2021-04-06T23:31:43","slug":"ivan-valente-vai-ter-que-sentar-o-bumbunzinho-enrugado-para-provar-o-que-disse-contra-mim-diz-flavio-bolsonaro","status":"publish","type":"post","link":"https:\/\/blogs2.correiobraziliense.com.br\/vicente\/ivan-valente-vai-ter-que-sentar-o-bumbunzinho-enrugado-para-provar-o-que-disse-contra-mim-diz-flavio-bolsonaro\/","title":{"rendered":"&#8220;Ivan Valente vai ter que sentar o bumbunzinho enrugado para provar o que disse contra mim&#8221;, diz Fl\u00e1vio Bolsonaro"},"content":{"rendered":"<h2>COM LUANA PATRIOLINO<\/h2>\n<h2><\/h2>\n<h2>O senador Fl\u00e1vio Bolsonaro (Republicanos-RJ), que registrou, nesta ter\u00e7a-feira (06\/04), um boletim de ocorr\u00eancia (BO) por denuncia\u00e7\u00e3o caluniosa contra o deputado Ivan Valente (PSol-SP), disse que o parlamentar &#8220;vai ter que sentar o bumbunzinho enrugado para provar o que disse&#8221;.<\/h2>\n<p>&nbsp;<\/p>\n<p>A rea\u00e7\u00e3o de Fl\u00e1vio veio depois que Valente entrou com uma representa\u00e7\u00e3o junto ao Minist\u00e9rio P\u00fablico do Distrito Federal e dos Territ\u00f3rios (MPDFT) pedindo uma investiga\u00e7\u00e3o sobre o empr\u00e9stimo concedido ao senador pelo Banco de Bras\u00edlia (BRB) para a compra de\u00a0uma mans\u00e3o de R$ 6 milh\u00f5es no Lago Sul, o bairro mais nobre de Bras\u00edlia.<\/p>\n<p>&nbsp;<\/p>\n<p>Segundo o deputado, os juros cobrados pela institui\u00e7\u00e3o est\u00e3o muito abaixo do mercado, portanto, h\u00e1, no entender dele, fraudes no neg\u00f3cio. O MPDFT acatou a provoca\u00e7\u00e3o de Valente e abriu investiga\u00e7\u00e3o contra Fl\u00e1vio. O senador rebate e diz que &#8220;mais de 80% dos empr\u00e9stimos&#8221; concedidos pelo BRB para a compra de im\u00f3veis &#8220;t\u00eam taxas inferiores&#8221; \u00e0s que ele est\u00e1 pagando.<\/p>\n<p>&nbsp;<\/p>\n<p>Fl\u00e1vio ressalta, ainda, que ele e a mulher t\u00eam renda suficiente para ter direito ao empr\u00e9stimo banc\u00e1rio. &#8220;Se (a renda) fosse incompat\u00edvel, o banco n\u00e3o daria o empr\u00e9stimo. Banco n\u00e3o faz caridade&#8221;, enfatiza. &#8220;N\u00e3o tenho nada a esconder. Est\u00e1 tudo registrado em cart\u00f3rio. A verdade vai prevalecer&#8221;, afirma.<\/p>\n<p>&nbsp;<\/p>\n<p>No BO, o senador diz que Ivan Valente usou recursos p\u00fablicos, o aparato estatal, para persegui-lo. &#8220;Agora, Ivan Valente vai ter que sentar o bumbunzinho enrugado para provar o que disse contra mim&#8221;, repete. &#8220;A compra da minha casa foi feita de forma legal, dentro da lei, de forma transparente. Tenho direito de comprar um im\u00f3vel com meus recursos&#8221;, acrescenta.<\/p>\n<p>&nbsp;<\/p>\n<p>No entender do senador, Ivan Valente e deputados de oposi\u00e7\u00e3o est\u00e3o usando a compra da mans\u00e3o por ele para atacar o governo Bolsonaro. &#8220;Como o deputado provocou o MP, que ele prove o qu\u00ea est\u00e1 dizendo. Ele vai responder por denuncia\u00e7\u00e3o caluniosa&#8221;, frisa o senador, ao lado do advogado de sua fam\u00edlia, Frederick Wassef.<\/p>\n<p>&nbsp;<\/p>\n<p>Flavio diz que, assim como registrou um BO contra Ivan Valente, far\u00e1 o mesmo com aqueles que o acusarem de alguma irregularidade. &#8220;Daqui por diante, ser\u00e1 assim&#8221;, avisa. &#8220;Em vez de ficarem me acusando, v\u00e3o trabalhar, levar recursos para os seus estados. Como n\u00e3o ganham no voto, t\u00eam que atacar o governo Bolsonaro de outra forma&#8221;, emenda.<\/p>\n<p>&nbsp;<\/p>\n<p><em>Bras\u00edlia, 20h13min<\/em><\/p>\n","protected":false},"excerpt":{"rendered":"<p>COM LUANA PATRIOLINO O senador Fl\u00e1vio Bolsonaro (Republicanos-RJ), que registrou, nesta ter\u00e7a-feira (06\/04), um boletim de ocorr\u00eancia (BO) por denuncia\u00e7\u00e3o caluniosa contra o deputado Ivan Valente (PSol-SP), disse que o parlamentar &#8220;vai ter que sentar o bumbunzinho enrugado para provar o que disse&#8221;. &nbsp; A rea\u00e7\u00e3o de Fl\u00e1vio veio depois que Valente entrou com uma [&hellip;]<\/p>\n","protected":false},"author":22,"featured_media":18185,"comment_status":"open","ping_status":"closed","sticky":false,"template":"","format":"standard","meta":{"wpb_read_more":[],"footnotes":""},"categories":[600],"tags":[5345,926,5346,2526,2787],"class_list":["post-18184","post","type-post","status-publish","format-standard","has-post-thumbnail","hentry","category-economia","tag-ivan-valente-vai-ter-que-sentar-o-bumbunzinho-enrugado-para-provar-o-que-disse-contra-mim","tag-brasilia","tag-diz-flavio-bolsonaro","tag-poder","tag-politica"],"_links":{"self":[{"href":"https:\/\/blogs2.correiobraziliense.com.br\/vicente\/wp-json\/wp\/v2\/posts\/18184","targetHints":{"allow":["GET"]}}],"collection":[{"href":"https:\/\/blogs2.correiobraziliense.com.br\/vicente\/wp-json\/wp\/v2\/posts"}],"about":[{"href":"https:\/\/blogs2.correiobraziliense.com.br\/vicente\/wp-json\/wp\/v2\/types\/post"}],"author":[{"embeddable":true,"href":"https:\/\/blogs2.correiobraziliense.com.br\/vicente\/wp-json\/wp\/v2\/users\/22"}],"replies":[{"embeddable":true,"href":"https:\/\/blogs2.correiobraziliense.com.br\/vicente\/wp-json\/wp\/v2\/comments?post=18184"}],"version-history":[{"count":12,"href":"https:\/\/blogs2.correiobraziliense.com.br\/vicente\/wp-json\/wp\/v2\/posts\/18184\/revisions"}],"predecessor-version":[{"id":18198,"href":"https:\/\/blogs2.correiobraziliense.com.br\/vicente\/wp-json\/wp\/v2\/posts\/18184\/revisions\/18198"}],"wp:featuredmedia":[{"embeddable":true,"href":"https:\/\/blogs2.correiobraziliense.com.br\/vicente\/wp-json\/wp\/v2\/media\/18185"}],"wp:attachment":[{"href":"https:\/\/blogs2.correiobraziliense.com.br\/vicente\/wp-json\/wp\/v2\/media?parent=18184"}],"wp:term":[{"taxonomy":"category","embeddable":true,"href":"https:\/\/blogs2.correiobraziliense.com.br\/vicente\/wp-json\/wp\/v2\/categories?post=18184"},{"taxonomy":"post_tag","embeddable":true,"href":"https:\/\/blogs2.correiobraziliense.com.br\/vicente\/wp-json\/wp\/v2\/tags?post=18184"}],"curies":[{"name":"wp","href":"https:\/\/api.w.org\/{rel}","templated":true}]}}