{"id":18201,"date":"2021-04-06T20:27:29","date_gmt":"2021-04-06T23:27:29","guid":{"rendered":"https:\/\/blogs2.correiobraziliense.com.br\/vicente\/?p=18201"},"modified":"2021-04-06T21:00:15","modified_gmt":"2021-04-07T00:00:15","slug":"ivan-valente-diz-que-bo-registrado-por-flavio-bolsonaro-contra-ele-e-piada-pronta","status":"publish","type":"post","link":"https:\/\/blogs2.correiobraziliense.com.br\/vicente\/ivan-valente-diz-que-bo-registrado-por-flavio-bolsonaro-contra-ele-e-piada-pronta\/","title":{"rendered":"Ivan Valente diz que BO registrado por Fl\u00e1vio Bolsonaro contra ele \u00e9 &#8220;piada pronta&#8221;"},"content":{"rendered":"<h2>JORGE VASCONCELLOS<\/h2>\n<p>&nbsp;<\/p>\n<h2>O deputado Ivan Valente (PSol-SP) chamou de \u201cpiada pronta\u201d o boletim de ocorr\u00eancia (BO) registrado contra ele, nesta ter\u00e7a-feira (06\/04), na 5\u00aa Delegacia de Pol\u00edcia (DP), em Bras\u00edlia, pelo senador Fl\u00e1vio Bolsonaro (Republicanos-RJ), que o acusa de denuncia\u00e7\u00e3o caluniosa.<\/h2>\n<p>&nbsp;<\/p>\n<p>Valente \u00e9 autor da representa\u00e7\u00e3o que resultou na abertura de uma investiga\u00e7\u00e3o preliminar do Minist\u00e9rio P\u00fablico do Distrito Federal e Territ\u00f3rios (MPDFT) para apurar poss\u00edveis irregularidades na concess\u00e3o de um financiamento, pelo Banco de Bras\u00edlia (BRB), para a compra de uma mans\u00e3o de R$ 6 milh\u00f5es, na capital federal, pelo senador.<\/p>\n<p>&nbsp;<\/p>\n<p>\u201cIsso \u00e9 uma piada pronta, porque, se o senador considera que est\u00e1 sendo caluniado, o alvo desse boletim de ocorr\u00eancia deveria ser o Minist\u00e9rio P\u00fablico do Distrito Federal, que instaurou uma investiga\u00e7\u00e3o por considerar consistentes os termos da representa\u00e7\u00e3o que apresentei\u201d, disse o parlamentar do PSol.<\/p>\n<p>&nbsp;<\/p>\n<p>Valente acrescentou que a investiga\u00e7\u00e3o do MPDFT \u00e9 necess\u00e1ria, porque o processo de compra da mans\u00e3o no Lago Sul, \u00e1rea nobre de Bras\u00edlia, \u201c\u00e9 altamente suspeito\u201d. Ele citou o fato de o BRB ter cobrado juros m\u00f3dicos ao financiar R$ 3,1 milh\u00f5es para a transa\u00e7\u00e3o imobili\u00e1ria e o comprometimento de mais de 50% da renda de Fl\u00e1vio e da esposa, a dentista Fernanda Bolsonaro, com essa aquisi\u00e7\u00e3o.<\/p>\n<p>&nbsp;<\/p>\n<p>O deputado citou tamb\u00e9m o hist\u00f3rico de suspeitas de irregularidades envolvendo o senador, incluindo o esquema da \u2018rachadinha\u2019 na Assembleia Legislativa do Rio de Janeiro (Alerj), e mais de 20 opera\u00e7\u00f5es imobili\u00e1rias. Valente acrescentou que Fl\u00e1vio Bolsonaro ainda n\u00e3o comprovou a explica\u00e7\u00e3o de que pagou a entrada para a compra da mans\u00e3o com recursos oriundos da venda de um im\u00f3vel no Rio de Janeiro.<\/p>\n<p>&nbsp;<\/p>\n<p><em>Bras\u00edlia, 20h27min<\/em><\/p>\n","protected":false},"excerpt":{"rendered":"<p>JORGE VASCONCELLOS &nbsp; O deputado Ivan Valente (PSol-SP) chamou de \u201cpiada pronta\u201d o boletim de ocorr\u00eancia (BO) registrado contra ele, nesta ter\u00e7a-feira (06\/04), na 5\u00aa Delegacia de Pol\u00edcia (DP), em Bras\u00edlia, pelo senador Fl\u00e1vio Bolsonaro (Republicanos-RJ), que o acusa de denuncia\u00e7\u00e3o caluniosa. &nbsp; Valente \u00e9 autor da representa\u00e7\u00e3o que resultou na abertura de uma investiga\u00e7\u00e3o [&hellip;]<\/p>\n","protected":false},"author":22,"featured_media":18203,"comment_status":"open","ping_status":"closed","sticky":false,"template":"","format":"standard","meta":{"wpb_read_more":[],"footnotes":""},"categories":[600],"tags":[926,5347,2526,2787],"class_list":["post-18201","post","type-post","status-publish","format-standard","has-post-thumbnail","hentry","category-economia","tag-brasilia","tag-ivan-valente-diz-que-bo-registrado-por-flavio-bolsonaro-contra-ele-e-piada-pronta","tag-poder","tag-politica"],"_links":{"self":[{"href":"https:\/\/blogs2.correiobraziliense.com.br\/vicente\/wp-json\/wp\/v2\/posts\/18201","targetHints":{"allow":["GET"]}}],"collection":[{"href":"https:\/\/blogs2.correiobraziliense.com.br\/vicente\/wp-json\/wp\/v2\/posts"}],"about":[{"href":"https:\/\/blogs2.correiobraziliense.com.br\/vicente\/wp-json\/wp\/v2\/types\/post"}],"author":[{"embeddable":true,"href":"https:\/\/blogs2.correiobraziliense.com.br\/vicente\/wp-json\/wp\/v2\/users\/22"}],"replies":[{"embeddable":true,"href":"https:\/\/blogs2.correiobraziliense.com.br\/vicente\/wp-json\/wp\/v2\/comments?post=18201"}],"version-history":[{"count":1,"href":"https:\/\/blogs2.correiobraziliense.com.br\/vicente\/wp-json\/wp\/v2\/posts\/18201\/revisions"}],"predecessor-version":[{"id":18204,"href":"https:\/\/blogs2.correiobraziliense.com.br\/vicente\/wp-json\/wp\/v2\/posts\/18201\/revisions\/18204"}],"wp:featuredmedia":[{"embeddable":true,"href":"https:\/\/blogs2.correiobraziliense.com.br\/vicente\/wp-json\/wp\/v2\/media\/18203"}],"wp:attachment":[{"href":"https:\/\/blogs2.correiobraziliense.com.br\/vicente\/wp-json\/wp\/v2\/media?parent=18201"}],"wp:term":[{"taxonomy":"category","embeddable":true,"href":"https:\/\/blogs2.correiobraziliense.com.br\/vicente\/wp-json\/wp\/v2\/categories?post=18201"},{"taxonomy":"post_tag","embeddable":true,"href":"https:\/\/blogs2.correiobraziliense.com.br\/vicente\/wp-json\/wp\/v2\/tags?post=18201"}],"curies":[{"name":"wp","href":"https:\/\/api.w.org\/{rel}","templated":true}]}}