{"id":18206,"date":"2021-04-07T11:16:34","date_gmt":"2021-04-07T14:16:34","guid":{"rendered":"https:\/\/blogs2.correiobraziliense.com.br\/vicente\/?p=18206"},"modified":"2021-04-07T11:16:34","modified_gmt":"2021-04-07T14:16:34","slug":"com-pandemia-endividamento-global-atinge-niveis-sem-precedentes-diz-fmi","status":"publish","type":"post","link":"https:\/\/blogs2.correiobraziliense.com.br\/vicente\/com-pandemia-endividamento-global-atinge-niveis-sem-precedentes-diz-fmi\/","title":{"rendered":"Com pandemia, endividamento global atinge n\u00edveis &#8220;sem precedentes&#8221;, diz FMI"},"content":{"rendered":"<h2><span style=\"font-weight: 400\">ROSANA HESSEL<\/span><\/h2>\n<h2><\/h2>\n<h2><span style=\"font-weight: 400\">Um ano ap\u00f3s o in\u00edcio da pandemia da covid-19, com cerca de tr\u00eas milh\u00f5es de mortos no mundo e um n\u00famero di\u00e1rio de mortes di\u00e1rias girando em torno de 500 mil, os estragos na economia e na vidas das pessoas \u00e9 enorme, apesar de muitos governos terem desembolsado US$ 16 trilh\u00f5es em pacotes fiscais, de acordo com dados do Fundo Monet\u00e1rio Internacional (FMI), que aponta no\u00a0<\/span><span style=\"font-weight: 400\">relat\u00f3rio Monitor Fiscal, divulgado nesta quarta-feira (07\/04), esses gastos impediram uma contra\u00e7\u00e3o mais severa nas economias e maiores perdas de emprego, mas elevou o endividamento dos governos para n\u00edveis &#8220;sem precedentes&#8221;.\u00a0 <\/span><\/h2>\n<p>&nbsp;<\/p>\n<p><span style=\"font-weight: 400\">Pelas estimativas do Fundo, a<\/span><span style=\"font-weight: 400\">\u00a0d\u00edvida p\u00fablica bruta m\u00e9dia mundial atingiu 97% do Produto Interno Bruto (PIB), em 2020, e \u00e9 projetada pelo Fundo para se estabilizar no patamar de 99% do PIB a partir de 2021 at\u00e9 2026, pelo menos.\u00a0<\/span><span style=\"font-weight: 400\">A m\u00e9dia da d\u00edvida p\u00fablica bruta de pa\u00edses emergentes dever\u00e1 passar de 54% do PIB , em 2019, para 65% do PIB, em 2021.<\/span><\/p>\n<p>&nbsp;<\/p>\n<p><span style=\"font-weight: 400\">No caso do Brasil, a d\u00edvida p\u00fablica bruta dever\u00e1 recuar de 98,9%, em 2020, para 98,4%, neste ano, e voltar\u00e1 a subir nos anos seguintes. As proje\u00e7\u00f5es da institui\u00e7\u00e3o indicam que, em 2023, esse indicador do endividamento do governo brasileiro passar\u00e1 para 100,1% do PIB, em 2023, e continuar\u00e1 crescendo gradualmente nos anos seguintes, chegando a 101,7% do PIB, em 2026.\u00a0<\/span><span style=\"font-weight: 400\">Os c\u00e1lculos do FMI para a d\u00edvida p\u00fablica bruta s\u00e3o diferentes dos utilizados pelo Banco Central (que indicou a d\u00edvida bruta em 89,3% do PIB, em 2020), pois inclui os t\u00edtulos do Tesouro Nacional na carteira do BC.\u00a0\u00a0<\/span><\/p>\n<p>&nbsp;<\/p>\n<p><span style=\"font-weight: 400\">Pelas estimativas do Fundo, a d\u00edvida p\u00fablica bruta das economias avan\u00e7adas deve atingir o pico de 122,5% em 2022, com Jap\u00e3o e It\u00e1lia al\u00e7ando os picos de 265,5% do PIB e 157,1% do PIB, neste ano. Os Estados Unidos, com taxa de 132,8% do PIB prevista para este ano, ainda ter\u00e3o uma d\u00edvida p\u00fablica crescente, pelo menos, at\u00e9 2026, quando dever\u00e1 chegar a 134,5% do PIB.<\/span><\/p>\n<p>&nbsp;<\/p>\n<p><span style=\"font-weight: 400\">De acordo com o estudo, os deficits nominais m\u00e9dios como propor\u00e7\u00e3o do PIB em 2020 chegaram a 11,7% nas economias avan\u00e7adas, 9,8% para pa\u00edses emergentes economias de mercado e 5,5% para baixa renda. N<\/span><span style=\"font-weight: 400\">o caso do Brasil esse indicador que reflete a necessidade de endividamento do pa\u00eds, ficou em 13,4% do PIB, em 2020, pelos c\u00e1lculos do FMI. O dado ficou levemente abaixo do divulgado pelo Banco Central para o ano passado, de 13,7% do PIB. <\/span><\/p>\n<p>&nbsp;<\/p>\n<p><span style=\"font-weight: 400\">Com isso, o Brasil registrou um deficit nominal acima das m\u00e9dias de pa\u00edses desenvolvidos e emergentes. O Fundo citou no estudo que os gastos ampliados do governo brasileiro foram direcionados para programas de amplia\u00e7\u00e3o da rede de seguran\u00e7a social e de preserva\u00e7\u00e3o de empregos. Contudo, destacou que, com o fim do Or\u00e7amento de Guerra, &#8220;houve um aperto consider\u00e1vel das despesas prim\u00e1rias\u201d.\u00a0<\/span><\/p>\n<p>&nbsp;<\/p>\n<p><strong>Riscos abundantes<\/strong><\/p>\n<p>&nbsp;<\/p>\n<p>Diante da piora generalizada no quadro fiscal global, o Fundo informou que os riscos s\u00e3o &#8220;abundantes&#8221; em ambos os lados. No lado positivo, um ritmo mais acelerado da vacina\u00e7\u00e3o nos pa\u00edses desenvolvidos e emergentes ser\u00e1 fundamental para acabar com a pandemia e, assim, aumentando a arrecada\u00e7\u00e3o dos governos. No lado negativo, os riscos incluem mais retra\u00e7\u00e3o econ\u00f4mica prolongada, aperto abrupto de condi\u00e7\u00f5es de financiamento em meio a alto endividamento, ou materializa\u00e7\u00e3o de passivos contingentes de medidas de suporte de liquidez, oscila\u00e7\u00f5es vol\u00e1teis nos pre\u00e7os de commodities e aumento descontentamento social. &#8220;Os riscos est\u00e3o interligados e refor\u00e7am um outro&#8221;, frisou.<\/p>\n<p>&nbsp;<\/p>\n<p>&#8220;Atrasos na implanta\u00e7\u00e3o da vacina e menor efic\u00e1cia da vacina contra novas variantes de o v\u00edrus pode diminuir as esperan\u00e7as de uma sa\u00edda r\u00e1pida de a pandemia e aumentar a escala de longo prazo cicatrizes&#8221;, informou o Fundo.<\/p>\n<p>&nbsp;<\/p>\n<p>O FMI destacou que quase 40% apoio fiscal global constitui medidas governamentais de apoio \u00e0 liquidez por meio de fornecimento de empr\u00e9stimos ou garantias, inje\u00e7\u00f5es de capital, e outras formas de opera\u00e7\u00f5es parafiscais, incluindo por meio de empresas p\u00fablicas, que &#8220;podem causar passivos contingentes materializar isso poderia enfraquecer os balan\u00e7os do governo&#8221;. O organismo lembrou que a volatilidade nos pre\u00e7os das commodities pode piorar a apar\u00eancia da receita, &#8220;apresentando desafios para or\u00e7amentos j\u00e1 esticados em pa\u00edses exportadores de commodities&#8221;.<\/p>\n<p>&nbsp;<\/p>\n<p>Al\u00e9m disso, o \u00f3rg\u00e3o ressaltou que o descontentamento social tamb\u00e9m n\u00e3o pode ser ignorado, pois as tens\u00f5es sociais podem explodir com a pandemia <span class=\"VIiyi\" lang=\"pt\"><span class=\"JLqJ4b ChMk0b\">ou com uma resposta pol\u00edtica inadequada &#8212;<\/span> <span class=\"JLqJ4b ChMk0b\">incluindo acesso desigual a vacinas &#8212; o que poder\u00e1 levar a mais<\/span> <span class=\"JLqJ4b ChMk0b\">mortes ou dificuldades socioecon\u00f4micas (desemprego,<\/span> <span class=\"JLqJ4b ChMk0b\">pobreza, desnutri\u00e7\u00e3o, desigualdade, escassez de alimentos,<\/span> <span class=\"JLqJ4b ChMk0b\">ou aumentos de pre\u00e7os) e agravar as ra\u00edzes profundas<\/span> <span class=\"JLqJ4b ChMk0b\">descontentamento.<\/span>\u00a0&#8220;<span class=\"JLqJ4b ChMk0b\">Esses fatores podem enfraquecer a confian\u00e7a<\/span> <span class=\"JLqJ4b ChMk0b\">na efic\u00e1cia das pol\u00edticas dos governos e<\/span> <span class=\"JLqJ4b ChMk0b\">colocar as finan\u00e7as p\u00fablicas em risco&#8221;, afirmou.<\/span><\/span><\/p>\n<p>&nbsp;<\/p>\n<p><span style=\"font-weight: 400\">Em coment\u00e1rio sobre o estudo, V<\/span><span style=\"font-weight: 400\">itor Gaspar, d<\/span><span style=\"font-weight: 400\">iretor do Departamento de Assuntos Fiscais do FMI, reconheceu que as\u00a0a\u00e7\u00f5es fiscais habilitaram os sistemas de sa\u00fade e forneceram linhas de vida de emerg\u00eancia para fam\u00edlias e empresas e &#8220;tamb\u00e9m mitigou a contra\u00e7\u00e3o na atividade econ\u00f4mica&#8221;. &#8220;Na verdade, o crescimento econ\u00f4mico surpreendeu, no lado positivo com o desenrolar de 2020 e as previs\u00f5es de crescimento para 2021 tamb\u00e9m foram revisados\u201d, destacou.\u00a0 O t\u00e9cnico <\/span><span style=\"font-weight: 400\">identificou &#8220;ganhos potenciais superiores a US$ 1 trilh\u00e3o nas economias avan\u00e7adas&#8221; e que podem ser potencializados com uma vacina\u00e7\u00e3o global como um projeto p\u00fablico organizado.<\/span><\/p>\n<p>&nbsp;<\/p>\n<p><span style=\"font-weight: 400\">Na avalia\u00e7\u00e3o do Fundo, para todos os pa\u00edses, o quadro fiscal de m\u00e9dio prazo \u00e9 &#8220;confi\u00e1vel\u201d, porque a maioria dos pa\u00edses est\u00e1 ancorada em objetivos fiscais e de receita revisados, o que \u201cpode aumentar a confian\u00e7a e reduzir as vulnerabilidades\u201d.\u00a0 Ontem, por exemplo, o FMI melhorou as proje\u00e7\u00f5es de crescimento da economia global de 5,5% para 6%, em parte, impulsionada pelo novo pacote fiscal dos Estados Unidos, de US$ 1,9 trilh\u00e3o. <\/span><\/p>\n<p>&nbsp;<\/p>\n<p><span style=\"font-weight: 400\">Contudo, esse crescimento global maior que poder\u00e1 ajudar na arrecada\u00e7\u00e3o dos governos est\u00e1 totalmente condicionado ao sucesso da vacina\u00e7\u00e3o em massa.\u00a0\u00a0<\/span><span style=\"font-weight: 400\">Segundo o \u00f3rg\u00e3o, se houver um aumento mais expressivo de infec\u00e7\u00f5es e isso restringir ainda mais a mobilidade e a atividade, poder\u00e1 haver impacto nas proje\u00e7\u00f5es de crescimento de 0,5\u00a0 a 1,0 ponto percentual menor em 2021 e em 2022.<\/span><\/p>\n<p>&nbsp;<\/p>\n<div class=\"kGmWO\">\n<section>\n<h2 id=\"c161\" class=\"oBOnKe\"><\/h2>\n<\/section>\n<\/div>\n","protected":false},"excerpt":{"rendered":"<p>ROSANA HESSEL Um ano ap\u00f3s o in\u00edcio da pandemia da covid-19, com cerca de tr\u00eas milh\u00f5es de mortos no mundo e um n\u00famero di\u00e1rio de mortes di\u00e1rias girando em torno de 500 mil, os estragos na economia e na vidas das pessoas \u00e9 enorme, apesar de muitos governos terem desembolsado US$ 16 trilh\u00f5es em pacotes [&hellip;]<\/p>\n","protected":false},"author":22,"featured_media":16216,"comment_status":"open","ping_status":"closed","sticky":false,"template":"","format":"standard","meta":{"wpb_read_more":[],"footnotes":""},"categories":[600],"tags":[76,5317,3294,5349,2250,5348],"class_list":["post-18206","post","type-post","status-publish","format-standard","has-post-thumbnail","hentry","category-economia","tag-deficit","tag-deficit-nominal","tag-divida-bruta","tag-economia-global","tag-fmi","tag-monitor-fiscal"],"_links":{"self":[{"href":"https:\/\/blogs2.correiobraziliense.com.br\/vicente\/wp-json\/wp\/v2\/posts\/18206","targetHints":{"allow":["GET"]}}],"collection":[{"href":"https:\/\/blogs2.correiobraziliense.com.br\/vicente\/wp-json\/wp\/v2\/posts"}],"about":[{"href":"https:\/\/blogs2.correiobraziliense.com.br\/vicente\/wp-json\/wp\/v2\/types\/post"}],"author":[{"embeddable":true,"href":"https:\/\/blogs2.correiobraziliense.com.br\/vicente\/wp-json\/wp\/v2\/users\/22"}],"replies":[{"embeddable":true,"href":"https:\/\/blogs2.correiobraziliense.com.br\/vicente\/wp-json\/wp\/v2\/comments?post=18206"}],"version-history":[{"count":2,"href":"https:\/\/blogs2.correiobraziliense.com.br\/vicente\/wp-json\/wp\/v2\/posts\/18206\/revisions"}],"predecessor-version":[{"id":18208,"href":"https:\/\/blogs2.correiobraziliense.com.br\/vicente\/wp-json\/wp\/v2\/posts\/18206\/revisions\/18208"}],"wp:featuredmedia":[{"embeddable":true,"href":"https:\/\/blogs2.correiobraziliense.com.br\/vicente\/wp-json\/wp\/v2\/media\/16216"}],"wp:attachment":[{"href":"https:\/\/blogs2.correiobraziliense.com.br\/vicente\/wp-json\/wp\/v2\/media?parent=18206"}],"wp:term":[{"taxonomy":"category","embeddable":true,"href":"https:\/\/blogs2.correiobraziliense.com.br\/vicente\/wp-json\/wp\/v2\/categories?post=18206"},{"taxonomy":"post_tag","embeddable":true,"href":"https:\/\/blogs2.correiobraziliense.com.br\/vicente\/wp-json\/wp\/v2\/tags?post=18206"}],"curies":[{"name":"wp","href":"https:\/\/api.w.org\/{rel}","templated":true}]}}