{"id":18232,"date":"2021-04-08T16:14:49","date_gmt":"2021-04-08T19:14:49","guid":{"rendered":"https:\/\/blogs2.correiobraziliense.com.br\/vicente\/?p=18232"},"modified":"2021-04-08T17:39:37","modified_gmt":"2021-04-08T20:39:37","slug":"andar-do-ministerio-da-economia-onde-guedes-despacha-e-evacuado-por-causa-da-covid","status":"publish","type":"post","link":"https:\/\/blogs2.correiobraziliense.com.br\/vicente\/andar-do-ministerio-da-economia-onde-guedes-despacha-e-evacuado-por-causa-da-covid\/","title":{"rendered":"Andar do Minist\u00e9rio da Economia, onde Guedes despacha, \u00e9 evacuado por causa da covid"},"content":{"rendered":"<h2>O Minist\u00e9rio da Economia evacuou parte do quinto andar depois que um funcion\u00e1rio que trabalha na assessoria parlamentar da pasta testou positivo para a covid-19. \u00c9 o andar no qual despacha o ministro Paulo Guedes.<\/h2>\n<p>&nbsp;<\/p>\n<p>Foi preciso convocar uma empresa de sanitiza\u00e7\u00e3o para higienizar o local. S\u00f3 depois os servidores que est\u00e3o em trabalho presencial puderam retornar aos postos. A assessoria do minist\u00e9rio assegura que tudo voltou \u00e0 normalidade. O funcion\u00e1rio que testou positivo foi para isolamento em casa.<\/p>\n<p>&nbsp;<\/p>\n<p>Apesar de todas as medidas de seguran\u00e7a terem sido tomadas, o clima no minist\u00e9rio \u00e9 de apreens\u00e3o. V\u00e1rios assessores do ministro perderam parentes muito pr\u00f3ximos e servidores morreram desde o in\u00edcio da pandemia.<\/p>\n<p>&nbsp;<\/p>\n<p>A mesma apreens\u00e3o se observa no pr\u00e9dio do Minist\u00e9rio da Economia no Rio de Janeiro, onde v\u00e1rios servidores morreram. O edif\u00edcio \u00e9 chamado de covid\u00e1rio.<\/p>\n<p>&nbsp;<\/p>\n<p><em>Bras\u00edlia, 16h14min, atualizado \u00e0s 17h29min<\/em><\/p>\n","protected":false},"excerpt":{"rendered":"<p>O Minist\u00e9rio da Economia evacuou parte do quinto andar depois que um funcion\u00e1rio que trabalha na assessoria parlamentar da pasta testou positivo para a covid-19. \u00c9 o andar no qual despacha o ministro Paulo Guedes. &nbsp; Foi preciso convocar uma empresa de sanitiza\u00e7\u00e3o para higienizar o local. S\u00f3 depois os servidores que est\u00e3o em trabalho [&hellip;]<\/p>\n","protected":false},"author":22,"featured_media":17184,"comment_status":"open","ping_status":"closed","sticky":false,"template":"","format":"standard","meta":{"wpb_read_more":[],"footnotes":""},"categories":[600],"tags":[5355,5357,3670,5356,579],"class_list":["post-18232","post","type-post","status-publish","format-standard","has-post-thumbnail","hentry","category-economia","tag-andar-do-ministerio-da-economia","tag-e-evacuado-por-causa-da-covid","tag-esplanada","tag-onde-guedes-despacha","tag-saude"],"_links":{"self":[{"href":"https:\/\/blogs2.correiobraziliense.com.br\/vicente\/wp-json\/wp\/v2\/posts\/18232","targetHints":{"allow":["GET"]}}],"collection":[{"href":"https:\/\/blogs2.correiobraziliense.com.br\/vicente\/wp-json\/wp\/v2\/posts"}],"about":[{"href":"https:\/\/blogs2.correiobraziliense.com.br\/vicente\/wp-json\/wp\/v2\/types\/post"}],"author":[{"embeddable":true,"href":"https:\/\/blogs2.correiobraziliense.com.br\/vicente\/wp-json\/wp\/v2\/users\/22"}],"replies":[{"embeddable":true,"href":"https:\/\/blogs2.correiobraziliense.com.br\/vicente\/wp-json\/wp\/v2\/comments?post=18232"}],"version-history":[{"count":6,"href":"https:\/\/blogs2.correiobraziliense.com.br\/vicente\/wp-json\/wp\/v2\/posts\/18232\/revisions"}],"predecessor-version":[{"id":18240,"href":"https:\/\/blogs2.correiobraziliense.com.br\/vicente\/wp-json\/wp\/v2\/posts\/18232\/revisions\/18240"}],"wp:featuredmedia":[{"embeddable":true,"href":"https:\/\/blogs2.correiobraziliense.com.br\/vicente\/wp-json\/wp\/v2\/media\/17184"}],"wp:attachment":[{"href":"https:\/\/blogs2.correiobraziliense.com.br\/vicente\/wp-json\/wp\/v2\/media?parent=18232"}],"wp:term":[{"taxonomy":"category","embeddable":true,"href":"https:\/\/blogs2.correiobraziliense.com.br\/vicente\/wp-json\/wp\/v2\/categories?post=18232"},{"taxonomy":"post_tag","embeddable":true,"href":"https:\/\/blogs2.correiobraziliense.com.br\/vicente\/wp-json\/wp\/v2\/tags?post=18232"}],"curies":[{"name":"wp","href":"https:\/\/api.w.org\/{rel}","templated":true}]}}