{"id":18247,"date":"2021-04-08T20:17:08","date_gmt":"2021-04-08T23:17:08","guid":{"rendered":"https:\/\/blogs2.correiobraziliense.com.br\/vicente\/?p=18247"},"modified":"2021-04-08T21:16:29","modified_gmt":"2021-04-09T00:16:29","slug":"para-conter-ira-de-caminhoneiros-governo-reduzira-mistura-de-biodiesel-ao-diesel-de-13-para-10","status":"publish","type":"post","link":"https:\/\/blogs2.correiobraziliense.com.br\/vicente\/para-conter-ira-de-caminhoneiros-governo-reduzira-mistura-de-biodiesel-ao-diesel-de-13-para-10\/","title":{"rendered":"Para conter ira de caminhoneiros, governo reduzir\u00e1 mistura de biodiesel ao diesel de 13% para 10%"},"content":{"rendered":"<h2>O martelo est\u00e1 praticamente batido. O governo vai reduzir de 13% para 10% a mistura do biodiesel ao diesel por pelo menos dois meses como forma de aplacar a ira dos caminhoneiros, que t\u00eam mostrado insatisfa\u00e7\u00e3o com os pre\u00e7os do combust\u00edvel. A decis\u00e3o deve ser anunciada em breve pelo Minist\u00e9rio de Minas e Energia.<\/h2>\n<p>&nbsp;<\/p>\n<p>A decis\u00e3o do governo, que ser\u00e1 executada pela Petrobras, foi tomada depois da disparada dos pre\u00e7os do litro do biodiesel nos leil\u00f5es de mercado. Na quarta-feira, o litro bateu em R$ 5,70, superando as previs\u00f5es do governo, que interrompeu a oferta. O aumento do biodiesel tem que ser repassado para o diesel, com impacto nas bombas.<\/p>\n<p>&nbsp;<\/p>\n<p>Diante desse quadro, a ideia do governo era de ser ainda mais agressivo e baixar a mistura do biodiesel ao diesel a apenas 8%. Mas a gritaria das empresas produtoras de biodiesel foi grande, alardeando pesados preju\u00edzos. Muitas est\u00e3o em processo de expans\u00e3o de f\u00e1bricas e preparando lan\u00e7amento de a\u00e7\u00f5es em Bolsa de Valores (IPOs, na sigla em ingl\u00eas).<\/p>\n<p>&nbsp;<\/p>\n<p>Pelos c\u00e1lculos dos produtores, com a redu\u00e7\u00e3o da mistura para 10%, deixar\u00e3o de ser produzidos, em dois meses, cerca de 300 milh\u00f5es de litros biodiesel. Os fabricantes de biodiesel dizem, ainda, que, al\u00e9m de agradar os caminhoneiros, o governo, com a medida, atender\u00e1 a pleitos de importadores de diesel, que ampliar\u00e3o os ganhos.<\/p>\n<p>&nbsp;<\/p>\n<p>Os pre\u00e7os do biodiesel est\u00e3o subindo por causa da forte valoriza\u00e7\u00e3o das commodities no mercado internacional, em especial, da soja. O gr\u00e3o responde por 70% do biodiesel produzido no pa\u00eds. &#8220;O governo sabe que o momento \u00e9 complexo. Os gr\u00e3os est\u00e3o em alta, o petr\u00f3leo est\u00e1 mais caro. Tudo isso se reflete nos pre\u00e7os dos combust\u00edveis&#8221;, diz um empres\u00e1rio.<\/p>\n<p>&nbsp;<\/p>\n<p>Ele acrescenta que combust\u00edveis mais caros batem nos custos das transportadoras, que repassam para os fretes e, da\u00ed, para as mercadorias. \u00c9 uma espiral de infla\u00e7\u00e3o. Ao reduzir a mistura do biodiesel ao diesel, o governo quer conter uma parte desse movimento. Mas n\u00e3o ser\u00e1 f\u00e1cil. O biodiesel \u00e9 um dos principais instrumentos para reduzir a emiss\u00e3o de gases de efeito estufa.<\/p>\n<p>&nbsp;<\/p>\n<p><em>Bras\u00edlia, 20h17min<\/em><\/p>\n","protected":false},"excerpt":{"rendered":"<p>O martelo est\u00e1 praticamente batido. O governo vai reduzir de 13% para 10% a mistura do biodiesel ao diesel por pelo menos dois meses como forma de aplacar a ira dos caminhoneiros, que t\u00eam mostrado insatisfa\u00e7\u00e3o com os pre\u00e7os do combust\u00edvel. A decis\u00e3o deve ser anunciada em breve pelo Minist\u00e9rio de Minas e Energia. &nbsp; [&hellip;]<\/p>\n","protected":false},"author":22,"featured_media":17288,"comment_status":"open","ping_status":"closed","sticky":false,"template":"","format":"standard","meta":{"wpb_read_more":[],"footnotes":""},"categories":[600],"tags":[589,4943,5360,4547,5359],"class_list":["post-18247","post","type-post","status-publish","format-standard","has-post-thumbnail","hentry","category-economia","tag-economia","tag-financas","tag-governo-reduzira-mistura-de-biodiesel-ao-diesel-de-13-para-10","tag-negocios","tag-para-conter-ira-de-caminhoneiros"],"_links":{"self":[{"href":"https:\/\/blogs2.correiobraziliense.com.br\/vicente\/wp-json\/wp\/v2\/posts\/18247","targetHints":{"allow":["GET"]}}],"collection":[{"href":"https:\/\/blogs2.correiobraziliense.com.br\/vicente\/wp-json\/wp\/v2\/posts"}],"about":[{"href":"https:\/\/blogs2.correiobraziliense.com.br\/vicente\/wp-json\/wp\/v2\/types\/post"}],"author":[{"embeddable":true,"href":"https:\/\/blogs2.correiobraziliense.com.br\/vicente\/wp-json\/wp\/v2\/users\/22"}],"replies":[{"embeddable":true,"href":"https:\/\/blogs2.correiobraziliense.com.br\/vicente\/wp-json\/wp\/v2\/comments?post=18247"}],"version-history":[{"count":3,"href":"https:\/\/blogs2.correiobraziliense.com.br\/vicente\/wp-json\/wp\/v2\/posts\/18247\/revisions"}],"predecessor-version":[{"id":18250,"href":"https:\/\/blogs2.correiobraziliense.com.br\/vicente\/wp-json\/wp\/v2\/posts\/18247\/revisions\/18250"}],"wp:featuredmedia":[{"embeddable":true,"href":"https:\/\/blogs2.correiobraziliense.com.br\/vicente\/wp-json\/wp\/v2\/media\/17288"}],"wp:attachment":[{"href":"https:\/\/blogs2.correiobraziliense.com.br\/vicente\/wp-json\/wp\/v2\/media?parent=18247"}],"wp:term":[{"taxonomy":"category","embeddable":true,"href":"https:\/\/blogs2.correiobraziliense.com.br\/vicente\/wp-json\/wp\/v2\/categories?post=18247"},{"taxonomy":"post_tag","embeddable":true,"href":"https:\/\/blogs2.correiobraziliense.com.br\/vicente\/wp-json\/wp\/v2\/tags?post=18247"}],"curies":[{"name":"wp","href":"https:\/\/api.w.org\/{rel}","templated":true}]}}