{"id":18289,"date":"2021-04-13T14:43:51","date_gmt":"2021-04-13T17:43:51","guid":{"rendered":"https:\/\/blogs2.correiobraziliense.com.br\/vicente\/?p=18289"},"modified":"2021-04-13T17:17:46","modified_gmt":"2021-04-13T20:17:46","slug":"bnp-piora-projecao-para-o-pib-brasileiro-e-preve-estouro-da-meta-fiscal","status":"publish","type":"post","link":"https:\/\/blogs2.correiobraziliense.com.br\/vicente\/bnp-piora-projecao-para-o-pib-brasileiro-e-preve-estouro-da-meta-fiscal\/","title":{"rendered":"BNP piora proje\u00e7\u00e3o para o PIB brasileiro e prev\u00ea estouro da meta fiscal"},"content":{"rendered":"<h2><span style=\"font-weight: 400\">ROSANA HESSEL<\/span><\/h2>\n<h2><\/h2>\n<h2><span style=\"font-weight: 400\">O banco franc\u00eas BNP Paribas piorou as proje\u00e7\u00f5es de crescimento do Brasil neste ano, na compara\u00e7\u00e3o com o \u00faltimo relat\u00f3rio trimestral, de dezembro de 2020. A institui\u00e7\u00e3o ainda prev\u00ea um deficit prim\u00e1rio nas contas p\u00fablicas maior do que o estimado pelo governo, devido ao agravamento da pandemia no pa\u00eds, que bate recordes de cont\u00e1gio e de mortes por covid-19, sinalizando estouro da meta fiscal prevista para este ano.\u00a0<\/span><\/h2>\n<p>&nbsp;<\/p>\n<p><span style=\"font-weight: 400\">De acordo com o economista-chefe do BNP para a Am\u00e9rica Latina, Gustavo Arruda, o rombo das contas p\u00fablicas do governo brasileiro dever\u00e1 chegar a 4,5% do Produto Interno Bruto (PIB). \u201cEstamos considerando um gasto maior do que o previsto no Or\u00e7amento, porque a pandemia est\u00e1 sendo pior e, portanto, os gastos ser\u00e3o maiores\u201d, afirmou o analista, nesta ter\u00e7a-feira (13\/04), durante videoconfer\u00eancia com jornalistas para comentar o novo relat\u00f3rio com perspectivas globais.\u00a0<\/span><\/p>\n<p>&nbsp;<\/p>\n<p><span style=\"font-weight: 400\">A Lei de Diretrizes Or\u00e7ament\u00e1rias (LDO) de 2021, aprovada no fim do ano passado, estipulou como meta fiscal para as contas do governo federal um deficit prim\u00e1rio de at\u00e9 3,16% do PIB, o equivalente a R$ 247,1 bilh\u00f5es. Se o rombo for maior, o governo precisar\u00e1 alterar essa meta para n\u00e3o cometer crime de responsabilidade fiscal.<\/span><\/p>\n<p>&nbsp;<\/p>\n<p><span style=\"font-weight: 400\">Arruda reconheceu ainda que os ru\u00eddos pol\u00edticos em rela\u00e7\u00e3o ao Or\u00e7amento de 2021 &#8212; que ainda n\u00e3o foi sancionado pelo presidente Jair Bolsonaro, que tem at\u00e9 o dia 22 para definir essa quest\u00e3o &#8211;, \u201catrapalham o investidor\u201d. Contudo, acrescentou que as novas proje\u00e7\u00f5es do BNP n\u00e3o devem ser alteradas por essa confus\u00e3o &#8220;recente e tempor\u00e1ria&#8221; entre o governo e o Congresso.<\/span><\/p>\n<p>&nbsp;<\/p>\n<p><span style=\"font-weight: 400\">O economista destacou que o endividamento p\u00fablico do pa\u00eds dever\u00e1 permanecer elevado, com a d\u00edvida p\u00fablica bruta brasileira permanecendo em torno de 90% do PIB por um per\u00edodo prolongado. \u201cA\u00a0 d\u00edvida vai se estabilizar nesse patamar por muito tempo e o debate sobre o que fazer com uma d\u00edvida desse tamanho ser\u00e1 cont\u00ednuo\u201d, alertou.\u00a0<\/span><\/p>\n<p>&nbsp;<\/p>\n<p><b>PIB menor<\/b><\/p>\n<p>&nbsp;<\/p>\n<p><span style=\"font-weight: 400\">Conforme as novas proje\u00e7\u00f5es do banco franc\u00eas, o PIB do Brasil, neste ano, dever\u00e1 crescer 2,5% em vez de 3% anteriormente previsto no relat\u00f3rio anterior, de dezembro de 2020.\u00a0<\/span>A nova proje\u00e7\u00e3o da institui\u00e7\u00e3o \u00e9 mais pessimista do que a estimativa do governo de avan\u00e7o de 3,2%.<\/p>\n<p>&nbsp;<\/p>\n<p><span style=\"font-weight: 400\">De acordo com Arruda, no primeiro semestre de 2021, por conta do atraso na vacina\u00e7\u00e3o e do agravamento da pandemia, o pa\u00eds vai entrar em uma recess\u00e3o t\u00e9cnica (quando h\u00e1 dois trimestres consecutivos de queda), em linha com a maioria das estimativas do mercado.\u00a0 A institui\u00e7\u00e3o prev\u00ea quedas de 0,5%, no primeiro trimestre, e 1,3%, no segundo trimestre. \u201cO segundo semestre ser\u00e1 melhor, com avan\u00e7o na vacina\u00e7\u00e3o e in\u00edcio da recupera\u00e7\u00e3o da atividade que vai se estender ao longo de 2022\u201d, apostou.\u00a0<\/span><\/p>\n<p>&nbsp;<\/p>\n<p><span style=\"font-weight: 400\">Para 2022, a previs\u00e3o do banco para o PIB brasileiro foi mantida em 3%. Arruda, contudo, reconheceu que essas proje\u00e7\u00f5es da institui\u00e7\u00e3o para o PIB brasileiro est\u00e3o mais otimistas do que o mercado, porque o banco melhorou as proje\u00e7\u00f5es do mercado global e o Brasil poder\u00e1 ser beneficiado com a perspectiva de expans\u00e3o maior da economia global.\u00a0\u00a0<\/span><span style=\"font-weight: 400\">O economista reconheceu que o Brasil tem problemas estruturais que precisam ser atacados, como o custo elevado da m\u00e3o de obra e a carga tribut\u00e1ria, \u201cpara o pa\u00eds voltar a ser competitivo\u201d e apresentar taxas de crescimento mais robustas.<\/span><\/p>\n<p>&nbsp;<\/p>\n<p><strong>Abaixo de m\u00e9dia\u00a0<\/strong><\/p>\n<p>&nbsp;<\/p>\n<p><span style=\"font-weight: 400\">Assim como as previs\u00f5es recentes do Fundo Monet\u00e1rio Internacional (FMI), as taxas de crescimento do Brasil estimadas pelo BNP, est\u00e3o abaixo da m\u00e9dia global e da Am\u00e9rica Latina O banco franc\u00eas prev\u00ea que o PIB latino-americano dever\u00e1 avan\u00e7ar 6,2%, neste ano, e 3,7%, no ano que vem. J\u00e1 o\u00a0 PIB global dever\u00e1 crescer 6,1%, neste ano, e 4,4%, em 2022 pelas novas previs\u00f5es do BNP. Antes, as proje\u00e7\u00f5es para a economia mundial eram de avan\u00e7os de 5,6% e 4,0%, respectivamente.\u00a0<\/span><\/p>\n<p>&nbsp;<\/p>\n<p><span style=\"font-weight: 400\">Essas mudan\u00e7as do PIB global tiveram influ\u00eancia do impulso que os pacotes fiscais dos pa\u00edses desenvolvidos devem provocar na economia global, principalmente, dos Estados Unidos e da Europa, que devem apresentar uma retomada bem expressiva neste ano e no ano que vem, segundo Arruda. <\/span><\/p>\n<p>&nbsp;<\/p>\n<p><span style=\"font-weight: 400\">O banco franc\u00eas, de acordo com o economista, est\u00e1 bastante otimista com o avan\u00e7o da vacina\u00e7\u00e3o global, o PIB dos EUA deve avan\u00e7ar 6,9%, neste ano,\u00a0 e 4,7%, em 2022. A Zona do Euro, por sua vez, ter\u00e1 expans\u00e3o de 4,2% e 5%, na mesma base de compara\u00e7\u00e3o.\u00a0\u00a0<\/span><span style=\"font-weight: 400\">A China, por sua vez, dever\u00e1 crescer 9,2% neste ano, e 5,3%, em 2022. E a \u00cdndia, 12,5% e 4,1%, respectivamente.<\/span><\/p>\n<p>&nbsp;<\/p>\n","protected":false},"excerpt":{"rendered":"<p>ROSANA HESSEL O banco franc\u00eas BNP Paribas piorou as proje\u00e7\u00f5es de crescimento do Brasil neste ano, na compara\u00e7\u00e3o com o \u00faltimo relat\u00f3rio trimestral, de dezembro de 2020. A institui\u00e7\u00e3o ainda prev\u00ea um deficit prim\u00e1rio nas contas p\u00fablicas maior do que o estimado pelo governo, devido ao agravamento da pandemia no pa\u00eds, que bate recordes de [&hellip;]<\/p>\n","protected":false},"author":22,"featured_media":16307,"comment_status":"open","ping_status":"closed","sticky":false,"template":"","format":"standard","meta":{"wpb_read_more":[],"footnotes":""},"categories":[600],"tags":[4416,378,58,5374,560],"class_list":["post-18289","post","type-post","status-publish","format-standard","has-post-thumbnail","hentry","category-economia","tag-bnp-paribas","tag-brasil","tag-pib","tag-projecoes-globais","tag-rombo-fiscal"],"_links":{"self":[{"href":"https:\/\/blogs2.correiobraziliense.com.br\/vicente\/wp-json\/wp\/v2\/posts\/18289","targetHints":{"allow":["GET"]}}],"collection":[{"href":"https:\/\/blogs2.correiobraziliense.com.br\/vicente\/wp-json\/wp\/v2\/posts"}],"about":[{"href":"https:\/\/blogs2.correiobraziliense.com.br\/vicente\/wp-json\/wp\/v2\/types\/post"}],"author":[{"embeddable":true,"href":"https:\/\/blogs2.correiobraziliense.com.br\/vicente\/wp-json\/wp\/v2\/users\/22"}],"replies":[{"embeddable":true,"href":"https:\/\/blogs2.correiobraziliense.com.br\/vicente\/wp-json\/wp\/v2\/comments?post=18289"}],"version-history":[{"count":4,"href":"https:\/\/blogs2.correiobraziliense.com.br\/vicente\/wp-json\/wp\/v2\/posts\/18289\/revisions"}],"predecessor-version":[{"id":18296,"href":"https:\/\/blogs2.correiobraziliense.com.br\/vicente\/wp-json\/wp\/v2\/posts\/18289\/revisions\/18296"}],"wp:featuredmedia":[{"embeddable":true,"href":"https:\/\/blogs2.correiobraziliense.com.br\/vicente\/wp-json\/wp\/v2\/media\/16307"}],"wp:attachment":[{"href":"https:\/\/blogs2.correiobraziliense.com.br\/vicente\/wp-json\/wp\/v2\/media?parent=18289"}],"wp:term":[{"taxonomy":"category","embeddable":true,"href":"https:\/\/blogs2.correiobraziliense.com.br\/vicente\/wp-json\/wp\/v2\/categories?post=18289"},{"taxonomy":"post_tag","embeddable":true,"href":"https:\/\/blogs2.correiobraziliense.com.br\/vicente\/wp-json\/wp\/v2\/tags?post=18289"}],"curies":[{"name":"wp","href":"https:\/\/api.w.org\/{rel}","templated":true}]}}