{"id":18302,"date":"2021-04-13T16:27:07","date_gmt":"2021-04-13T19:27:07","guid":{"rendered":"https:\/\/blogs2.correiobraziliense.com.br\/vicente\/?p=18302"},"modified":"2021-04-13T19:21:59","modified_gmt":"2021-04-13T22:21:59","slug":"pec-do-fura-teto-podera-burlar-regra-fiscal-em-mais-de-r-r-35-bilhoes","status":"publish","type":"post","link":"https:\/\/blogs2.correiobraziliense.com.br\/vicente\/pec-do-fura-teto-podera-burlar-regra-fiscal-em-mais-de-r-r-35-bilhoes\/","title":{"rendered":"PEC do fura-teto poder\u00e1 &#8220;burlar&#8221; regra fiscal em mais de R$ R$ 35 bilh\u00f5es"},"content":{"rendered":"<h2>ROSANA HESSEL<\/h2>\n<h2><\/h2>\n<h2>Em meio ao impasse sobre o Or\u00e7amento de 2021, a equipe econ\u00f4mica prepara uma Proposta de Emenda \u00e0 Constitui\u00e7\u00e3o (PEC) para, de certa forma, furar o teto de gastos &#8212; emenda constitucional que limita o aumento de despesas \u00e0 infla\u00e7\u00e3o do ano anterior &#8212; em, pelo menos, R$ 35 bilh\u00f5es. A medida j\u00e1 est\u00e1 provocando uma s\u00e9rie de cr\u00edticas de especialistas e, segundo eles, a burla poder\u00e1 superar R$ 50 bilh\u00f5es, sem mexer no Or\u00e7amento atual, que est\u00e1 cheio de problemas.<\/h2>\n<h2><\/h2>\n<p>Com a nova proposta, a equipe econ\u00f4mica agradaria\u00a0o presidente Jair Bolsonaro e os parlamentares, que querem ampliar os investimentos em obras neste ano que est\u00e3o previstas nas emendas propostas pelo relator, o senador Marcio Bittar (MDB-AC), de R$ 26,5 bilh\u00f5es. O emedebista criou esses gastos adicionais a partir do corte de despesas obrigat\u00f3rias, incluindo aposentadorias, na contram\u00e3o da Lei de Responsabilidade Fiscal. A maior parte desses recursos seriam destinados ao Minist\u00e9rio do Desenvolvimento Regional (MDR).<\/p>\n<p>&nbsp;<\/p>\n<p>Pela minuta da nova PEC que est\u00e1 circulando na Esplanada e que teria sido elaborada pelo ministro da Economia, Paulo Guedes, para &#8220;salvar o Or\u00e7amento&#8221;, h\u00e1 uma brecha de, pelo menos, R$ 35 bilh\u00f5es para de despesas que seriam classificadas como gastos extraordin\u00e1rios e n\u00e3o seriam inclu\u00eddas nas regras fiscais. Fontes do governo informaram que a proposta foi elaborada &#8220;em comum acordo entre a Economia e a Casa Civil&#8221;. &#8220;As alternativas eram piores. Bem piores&#8221;, disse um t\u00e9cnico do governo.<\/p>\n<p>&nbsp;<\/p>\n<p>Desse montante, R$ 10 bilh\u00f5es seriam destinados para a\u00a0preserva\u00e7\u00e3o ou a cria\u00e7\u00e3o de postos de trabalho; R$ 7 bilh\u00f5es para a concess\u00e3o de cr\u00e9dito, por meio de fundos garantidores, \u00e0s empresas,\u00a0em especial, \u00e0s microempresas e empresas de pequeno porte; e R$ 18 bilh\u00f5es para outras despesas que tenham por objetivo atenuar os impactos\u00a0sanit\u00e1rios, sociais e econ\u00f4micos, agravados durante o per\u00edodo da pandemia de covid-19.<\/p>\n<p>&nbsp;<\/p>\n<p>O documento n\u00e3o especifica valores, mas tamb\u00e9m prev\u00ea gastos adicionais, &#8220;desde que n\u00e3o acarrete aumento de despesa permanente&#8221; com proposi\u00e7\u00f5es legislativas com o prop\u00f3sito exclusivo de enfrentar a\u00a0emerg\u00eancia na sa\u00fade p\u00fablica da pandemia de covid-19 e as consequ\u00eancias sociais e\u00a0econ\u00f4micas dela decorrentes e at\u00e9 mesmo gastos com comunica\u00e7\u00e3o, treinamentos e publicidade destinados \u00e0 vacina\u00e7\u00e3o contra a covid-19.<\/p>\n<p>&nbsp;<\/p>\n<p>&#8220;Logo, essa burla pode ir al\u00e9m de R$ 35 bilh\u00f5es, porque tem os gastos com sa\u00fade que est\u00e3o em aberto e a aceita\u00e7\u00e3o integral das emendas no inciso 8 do artigo 166. Logo, al\u00e9m de manter o Or\u00e7amento como est\u00e1, ainda tenderia a aumentar o gasto possivelmente na casa dos R$ 50 bilh\u00f5es a depender dos gastos com sa\u00fade&#8221;, alertou Sergio Vale, economista-chefe da MB Associados.<\/p>\n<p>&nbsp;<\/p>\n<p>Uma das justificativas para essa PEC, que modificaria a regra de ouro, que pro\u00edbe que o governo emita d\u00edvida p\u00fablica para cobrir gasto corrente sem a autoriza\u00e7\u00e3o do Congresso e que est\u00e1 prevista no artigo 167 da Constitui\u00e7\u00e3o, \u00e9 criar espa\u00e7o fiscal para a reedi\u00e7\u00e3o do BEm (Benef\u00edcio Emergencial para a Manuten\u00e7\u00e3o do Emprego e da Renda), que n\u00e3o foi previsto no Or\u00e7amento pela equipe econ\u00f4mica, que subestimou a pandemia.<\/p>\n<p>&nbsp;<\/p>\n<p>O Or\u00e7amento de 2021, aprovado no \u00faltimo dia 25 pelo Congresso, <a href=\"https:\/\/blogs2.correiobraziliense.com.br\/vicente\/tcu-endurece-investigacao-sobre-irregularidades-no-orcamento-e-foca-em-bolsonaro\/\">tem v\u00e1rias irregularidades, inclusive, pedaladas fiscais, que est\u00e3o sendo investigadas pelo Tribunal de Contas da Uni\u00e3o (TCU)<\/a>. Para especialistas, a pe\u00e7a or\u00e7ament\u00e1ria \u00e9 inexequ\u00edvel, pois subdimensionou as despesas e superestimou as receitas, porque n\u00e3o atualizou os par\u00e2metros macroecon\u00f4micos e, muito menos, corrigiu a previs\u00e3o para o atual sal\u00e1rio m\u00ednimo, de R$ 1.100.<\/p>\n<p>&nbsp;<\/p>\n<p>A indigna\u00e7\u00e3o com a proposta entre especialistas foi grande. &#8220;Se a PEC for confirmada, ela poder\u00e1 abrir uma brecha enorme no regramento fiscal vigente. N\u00e3o \u00e9 uma boa solu\u00e7\u00e3o e cria novos problemas, apesar de, potencialmente, ajudar na equa\u00e7\u00e3o do or\u00e7amento de 2021&#8221;, destacou o especialista em contas p\u00fablicas Felipe Salto, diretor-executivo da Institui\u00e7\u00e3o Fiscal Independente (IFI).\u00a0\u00a0&#8220;A equipe econ\u00f4mica tem que parar de pensar em PEC e colocar a m\u00e3o na massa&#8221;, disparou o especialista em contas p\u00fablicas e analista do Senado Leonardo Ribeiro.<\/p>\n<p>&nbsp;<\/p>\n<p>Pelos c\u00e1lculos da IFI, existe um estouro de R$ 31,9 bilh\u00f5es no Or\u00e7amento de 2021 em despesas sujeitas ao teto de gastos. Logo, o governo, em vez de aumentar os gastos por meio de uma PEC para burlar o teto, precisar\u00e1 cortar despesas nesse mesmo montante se a pe\u00e7a or\u00e7ament\u00e1ria for sancionada sem altera\u00e7\u00f5es ou vetos.<\/p>\n<p>&nbsp;<\/p>\n","protected":false},"excerpt":{"rendered":"<p>ROSANA HESSEL Em meio ao impasse sobre o Or\u00e7amento de 2021, a equipe econ\u00f4mica prepara uma Proposta de Emenda \u00e0 Constitui\u00e7\u00e3o (PEC) para, de certa forma, furar o teto de gastos &#8212; emenda constitucional que limita o aumento de despesas \u00e0 infla\u00e7\u00e3o do ano anterior &#8212; em, pelo menos, R$ 35 bilh\u00f5es. A medida j\u00e1 [&hellip;]<\/p>\n","protected":false},"author":22,"featured_media":9561,"comment_status":"open","ping_status":"closed","sticky":false,"template":"","format":"standard","meta":{"wpb_read_more":[],"footnotes":""},"categories":[600],"tags":[],"class_list":["post-18302","post","type-post","status-publish","format-standard","has-post-thumbnail","hentry","category-economia"],"_links":{"self":[{"href":"https:\/\/blogs2.correiobraziliense.com.br\/vicente\/wp-json\/wp\/v2\/posts\/18302","targetHints":{"allow":["GET"]}}],"collection":[{"href":"https:\/\/blogs2.correiobraziliense.com.br\/vicente\/wp-json\/wp\/v2\/posts"}],"about":[{"href":"https:\/\/blogs2.correiobraziliense.com.br\/vicente\/wp-json\/wp\/v2\/types\/post"}],"author":[{"embeddable":true,"href":"https:\/\/blogs2.correiobraziliense.com.br\/vicente\/wp-json\/wp\/v2\/users\/22"}],"replies":[{"embeddable":true,"href":"https:\/\/blogs2.correiobraziliense.com.br\/vicente\/wp-json\/wp\/v2\/comments?post=18302"}],"version-history":[{"count":10,"href":"https:\/\/blogs2.correiobraziliense.com.br\/vicente\/wp-json\/wp\/v2\/posts\/18302\/revisions"}],"predecessor-version":[{"id":18315,"href":"https:\/\/blogs2.correiobraziliense.com.br\/vicente\/wp-json\/wp\/v2\/posts\/18302\/revisions\/18315"}],"wp:featuredmedia":[{"embeddable":true,"href":"https:\/\/blogs2.correiobraziliense.com.br\/vicente\/wp-json\/wp\/v2\/media\/9561"}],"wp:attachment":[{"href":"https:\/\/blogs2.correiobraziliense.com.br\/vicente\/wp-json\/wp\/v2\/media?parent=18302"}],"wp:term":[{"taxonomy":"category","embeddable":true,"href":"https:\/\/blogs2.correiobraziliense.com.br\/vicente\/wp-json\/wp\/v2\/categories?post=18302"},{"taxonomy":"post_tag","embeddable":true,"href":"https:\/\/blogs2.correiobraziliense.com.br\/vicente\/wp-json\/wp\/v2\/tags?post=18302"}],"curies":[{"name":"wp","href":"https:\/\/api.w.org\/{rel}","templated":true}]}}