{"id":1838,"date":"2016-07-06T17:10:03","date_gmt":"2016-07-06T20:10:03","guid":{"rendered":"https:\/\/blogs2.correiobraziliense.com.br\/vicente\/?p=1838"},"modified":"2016-07-08T09:27:22","modified_gmt":"2016-07-08T12:27:22","slug":"fundo-constitucional-do-centro-oeste-podera-financiar-obras-na-area-de-saude","status":"publish","type":"post","link":"https:\/\/blogs2.correiobraziliense.com.br\/vicente\/fundo-constitucional-do-centro-oeste-podera-financiar-obras-na-area-de-saude\/","title":{"rendered":"Fundo Constitucional do Centro-Oeste poder\u00e1 financiar obras na \u00e1rea de sa\u00fade"},"content":{"rendered":"<p>Os governadores do Centro-Oeste tanto cobraram que o governo atendeu. O Fundo Constitucional do Centro-Oeste (FCO) poder\u00e1 financiar, a partir de agora, projetos no setor de sa\u00fade, o que era vedado, e os prazos para pagamento dos empr\u00e9stimos foram estendidos de seis para 10 anos.<\/p>\n<p>&nbsp;<\/p>\n<p>A meta, segundo o ministro da Integra\u00e7\u00e3o Nacional, \u00e9 incrementar os investimentos na regi\u00e3o. Com os financiamentos a prazos mais longos, tanto o segmento agr\u00edcola quanto o industrial poder\u00e3o comprar e renovar os maquin\u00e1rios, aumentando a competitividade e ampliando a gera\u00e7\u00e3o de empregos.<\/p>\n<p>&nbsp;<\/p>\n<p>\u201cGarantimos que o setor produtivo e empresarial, que deseja investir em nosso pa\u00eds, aqui particularmente na regi\u00e3o do Centro-Oeste, possa faz\u00ea-lo da maneira mais r\u00e1pida e \u00e1gil, cooperando neste esfor\u00e7o conjunto da sociedade para que o Brasil possa crescer o quanto antes e gerar emprego\u201d, ressaltou Barbalho. Ser\u00e3o contemplados projetos avaliados em R$ 20 milh\u00f5es ou mais.<\/p>\n<p>&nbsp;<\/p>\n<p>Para o chefe da Superintend\u00eancia de Desenvolvimento do Centro-Oeste (Sudeco), Cleber \u00c1vila, o momento \u00e9 de retomada de di\u00e1logo com as unidades federativas da regi\u00e3o. \u201cAs propostas aprovadas s\u00e3o fundamentais para a retomada do desenvolvimento econ\u00f4mico do CO. S\u00e3o decis\u00f5es importantes que ir\u00e3o impactar diretamente na gera\u00e7\u00e3o de emprego e renda, al\u00e9m de tornar o acesso aos recursos dos fundos constitucionais menos burocr\u00e1tico\u201d, ressalta.<\/p>\n<p>&nbsp;<\/p>\n<p><em>Bras\u00edlia, 17h10min<\/em><\/p>\n","protected":false},"excerpt":{"rendered":"<p>Os governadores do Centro-Oeste tanto cobraram que o governo atendeu. O Fundo Constitucional do Centro-Oeste (FCO) poder\u00e1 financiar, a partir de agora, projetos no setor de sa\u00fade, o que era vedado, e os prazos para pagamento dos empr\u00e9stimos foram estendidos de seis para 10 anos. &nbsp; A meta, segundo o ministro da Integra\u00e7\u00e3o Nacional, \u00e9 [&hellip;]<\/p>\n","protected":false},"author":22,"featured_media":0,"comment_status":"open","ping_status":"closed","sticky":false,"template":"","format":"standard","meta":{"wpb_read_more":[],"footnotes":""},"categories":[600,1],"tags":[577,575,578,576,579],"class_list":["post-1838","post","type-post","status-publish","format-standard","hentry","category-economia","category-sem-categoria","tag-centro-oeste","tag-fco","tag-investimentos","tag-ministerio-da-integracao-nacional","tag-saude"],"_links":{"self":[{"href":"https:\/\/blogs2.correiobraziliense.com.br\/vicente\/wp-json\/wp\/v2\/posts\/1838","targetHints":{"allow":["GET"]}}],"collection":[{"href":"https:\/\/blogs2.correiobraziliense.com.br\/vicente\/wp-json\/wp\/v2\/posts"}],"about":[{"href":"https:\/\/blogs2.correiobraziliense.com.br\/vicente\/wp-json\/wp\/v2\/types\/post"}],"author":[{"embeddable":true,"href":"https:\/\/blogs2.correiobraziliense.com.br\/vicente\/wp-json\/wp\/v2\/users\/22"}],"replies":[{"embeddable":true,"href":"https:\/\/blogs2.correiobraziliense.com.br\/vicente\/wp-json\/wp\/v2\/comments?post=1838"}],"version-history":[{"count":1,"href":"https:\/\/blogs2.correiobraziliense.com.br\/vicente\/wp-json\/wp\/v2\/posts\/1838\/revisions"}],"predecessor-version":[{"id":1839,"href":"https:\/\/blogs2.correiobraziliense.com.br\/vicente\/wp-json\/wp\/v2\/posts\/1838\/revisions\/1839"}],"wp:attachment":[{"href":"https:\/\/blogs2.correiobraziliense.com.br\/vicente\/wp-json\/wp\/v2\/media?parent=1838"}],"wp:term":[{"taxonomy":"category","embeddable":true,"href":"https:\/\/blogs2.correiobraziliense.com.br\/vicente\/wp-json\/wp\/v2\/categories?post=1838"},{"taxonomy":"post_tag","embeddable":true,"href":"https:\/\/blogs2.correiobraziliense.com.br\/vicente\/wp-json\/wp\/v2\/tags?post=1838"}],"curies":[{"name":"wp","href":"https:\/\/api.w.org\/{rel}","templated":true}]}}