{"id":184,"date":"2015-09-03T15:15:00","date_gmt":"2015-09-03T18:15:00","guid":{"rendered":"https:\/\/blogs2.correiobraziliense.com.br\/vicente\/dilma_se_rende_a_levy\/"},"modified":"2015-09-03T15:15:00","modified_gmt":"2015-09-03T18:15:00","slug":"dilma_se_rende_a_levy","status":"publish","type":"post","link":"https:\/\/blogs2.correiobraziliense.com.br\/vicente\/dilma_se_rende_a_levy\/","title":{"rendered":"DILMA SE RENDE A LEVY"},"content":{"rendered":"\n<p>A presidente Dilma Rousseff pediu ao ministro da Fazenda, Joaquim Levy, que adiasse a viagem que ele faria hoje \u00e0 Turquia, onde participaria da reuni\u00e3o do G-20, o grupo das economias mais ricas do planeta. Dilma convocou o subordinado ao Pal\u00e1cio do Planalto para lhe dizer que vai restabelecer o poder que ele tinha perdido a fim de retomar a arruma\u00e7\u00e3o das contas p\u00fablicas. <\/p>\n<p>Fontes do Planalto dizem que Dilma foi alertada pelo presidente do Bradesco, Luiz Carlos Trabuco, de que o enfraquecimento de Levy estava estimulando um ataque especulativo contra o Brasil. O d\u00f3lar, em quest\u00e3o de dias, chegaria aos R$ 4, pressionando a infla\u00e7\u00e3o e obrigando o Banco Central a se desfazer de reservas internacionais. <\/p>\n<p>Os novos poderes de Levy significam o enfraquecimento dos ministros do Planejamento, Nelson Barbosa, e da Casa Civil, Aloizio Mercadante, que vinham dando o tom da pol\u00edtica econ\u00f4mica, muito parecida com a que prevaleceu no primeiro mandato de Dilma e levou o Brasil para o buraco. <\/p>\n<p>Com Levy de novo no comando da pol\u00edtica econ\u00f4mica, \u00e9 poss\u00edvel que o governo encaminhe um adendo ao projeto de Or\u00e7amento da Uni\u00e3o, para cobrir o rombo de R$ 30,5 bilh\u00f5es previstos para 2016. Levy foi contra esse deficit. Defendia que o governo cortasse gastos para fechar as contas. <\/p>\n<p><i>Bras\u00edlia, 15h15min<\/i>   <\/p>\n","protected":false},"excerpt":{"rendered":"<p>A presidente Dilma Rousseff pediu ao ministro da Fazenda, Joaquim Levy, que adiasse a viagem que ele faria hoje \u00e0 Turquia, onde participaria da reuni\u00e3o do G-20, o grupo das economias mais ricas do planeta. Dilma convocou o subordinado ao Pal\u00e1cio do Planalto para lhe dizer que vai restabelecer o poder que ele tinha perdido [&hellip;]<\/p>\n","protected":false},"author":22,"featured_media":0,"comment_status":"open","ping_status":"open","sticky":false,"template":"","format":"standard","meta":{"wpb_read_more":[],"footnotes":""},"categories":[1],"tags":[],"class_list":["post-184","post","type-post","status-publish","format-standard","hentry","category-sem-categoria"],"_links":{"self":[{"href":"https:\/\/blogs2.correiobraziliense.com.br\/vicente\/wp-json\/wp\/v2\/posts\/184","targetHints":{"allow":["GET"]}}],"collection":[{"href":"https:\/\/blogs2.correiobraziliense.com.br\/vicente\/wp-json\/wp\/v2\/posts"}],"about":[{"href":"https:\/\/blogs2.correiobraziliense.com.br\/vicente\/wp-json\/wp\/v2\/types\/post"}],"author":[{"embeddable":true,"href":"https:\/\/blogs2.correiobraziliense.com.br\/vicente\/wp-json\/wp\/v2\/users\/22"}],"replies":[{"embeddable":true,"href":"https:\/\/blogs2.correiobraziliense.com.br\/vicente\/wp-json\/wp\/v2\/comments?post=184"}],"version-history":[{"count":0,"href":"https:\/\/blogs2.correiobraziliense.com.br\/vicente\/wp-json\/wp\/v2\/posts\/184\/revisions"}],"wp:attachment":[{"href":"https:\/\/blogs2.correiobraziliense.com.br\/vicente\/wp-json\/wp\/v2\/media?parent=184"}],"wp:term":[{"taxonomy":"category","embeddable":true,"href":"https:\/\/blogs2.correiobraziliense.com.br\/vicente\/wp-json\/wp\/v2\/categories?post=184"},{"taxonomy":"post_tag","embeddable":true,"href":"https:\/\/blogs2.correiobraziliense.com.br\/vicente\/wp-json\/wp\/v2\/tags?post=184"}],"curies":[{"name":"wp","href":"https:\/\/api.w.org\/{rel}","templated":true}]}}