{"id":18409,"date":"2021-04-16T17:01:34","date_gmt":"2021-04-16T20:01:34","guid":{"rendered":"https:\/\/blogs2.correiobraziliense.com.br\/vicente\/?p=18409"},"modified":"2021-04-16T19:47:49","modified_gmt":"2021-04-16T22:47:49","slug":"preco-da-gasolina-sobe-oito-vezes-mais-do-que-o-reajuste-anunciado-pela-petrobras","status":"publish","type":"post","link":"https:\/\/blogs2.correiobraziliense.com.br\/vicente\/preco-da-gasolina-sobe-oito-vezes-mais-do-que-o-reajuste-anunciado-pela-petrobras\/","title":{"rendered":"Pre\u00e7o da gasolina sobe oito vezes mais do que o reajuste anunciado pela Petrobras"},"content":{"rendered":"<h2>Os postos de gasolina n\u00e3o d\u00e3o tr\u00e9gua aos consumidores. Em alguns estabelecimentos do Distrito Federal, o pre\u00e7o do combust\u00edvel aumentou oito vezes mais do que o anunciado pela Petrobras.<\/h2>\n<p>&nbsp;<\/p>\n<p>A estatal informou que, nesta sexta-feira (16\/04), o litro da gasolina ficaria R$ 0,05 mais caro nas refinarias. Pois postos localizados no Setor de Ind\u00fastria e Abastecimento (SIA) reajustaram o valor do combust\u00edvel na bomba em R$ 0,40 por litro, de R$ 5,399 para R$ 5,799.<\/p>\n<p>&nbsp;<\/p>\n<p>A alega\u00e7\u00e3o de representantes do setor de revenda \u00e9 de que os pre\u00e7os praticados antes do an\u00fancio do reajuste feito pela Petrobras se referiam a promo\u00e7\u00f5es. Agora, voltaram para a realidade. Segundo eles, n\u00e3o se pode esquecer que, nas \u00faltimas semanas, a petroleira havia pesado a m\u00e3o nos aumentos.<\/p>\n<p>&nbsp;<\/p>\n<p><strong>Ainda h\u00e1 gasolina a R$ 5,399<\/strong><\/p>\n<p>&nbsp;<\/p>\n<p>Quem se der ao trabalho de pesquisar, vai encontrar pre\u00e7os mais acess\u00edveis nos postos. Em \u00c1guas Claras, \u00e0s margens da EPTG, a via mais movimentada do Distrito Federal, os motoristas podem encher o tanque do carro com a gasolina variando entre R$ 5,399 e R$ 5,499.<\/p>\n<p>&nbsp;<\/p>\n<p>Mas, como diz o gerente de um dos postos, tudo pode mudar rapidamente. Ou seja, onde est\u00e1 mais barato hoje pode subir a qualquer momento. &#8220;Os pre\u00e7os dos combust\u00edveis est\u00e3o imprevis\u00edveis&#8221;, diz um gerente. &#8220;Quando menos se espera, chega uma tabela nova&#8221;, acrescenta.<\/p>\n<p>&nbsp;<\/p>\n<p>Entre os empres\u00e1rios, h\u00e1 uma grande expectativa em torno da pol\u00edtica de pre\u00e7os da Petrobras. A empresa est\u00e1 sob novo comando. Escolhido pelo presidente Jair Bolsonaro, o general Joaquim Silva e Luna foi nomeado para presidir a estatal.<\/p>\n<p>&nbsp;<\/p>\n<p>A perspectiva no Pal\u00e1cio do Planalto \u00e9 de que, com Luna e Silva no comando da Petrobras, as mudan\u00e7as nos pre\u00e7os da gasolina e do diesel sejam mais espa\u00e7adas e menos vinculadas \u00e0s bruscas oscila\u00e7\u00f5es do mercado internacional.<\/p>\n<p>&nbsp;<\/p>\n<p><em>Bras\u00edlia, 17h01min<\/em><\/p>\n","protected":false},"excerpt":{"rendered":"<p>Os postos de gasolina n\u00e3o d\u00e3o tr\u00e9gua aos consumidores. Em alguns estabelecimentos do Distrito Federal, o pre\u00e7o do combust\u00edvel aumentou oito vezes mais do que o anunciado pela Petrobras. &nbsp; A estatal informou que, nesta sexta-feira (16\/04), o litro da gasolina ficaria R$ 0,05 mais caro nas refinarias. Pois postos localizados no Setor de Ind\u00fastria [&hellip;]<\/p>\n","protected":false},"author":22,"featured_media":12590,"comment_status":"open","ping_status":"closed","sticky":false,"template":"","format":"standard","meta":{"wpb_read_more":[],"footnotes":""},"categories":[600],"tags":[589,4943,4547,5391],"class_list":["post-18409","post","type-post","status-publish","format-standard","has-post-thumbnail","hentry","category-economia","tag-economia","tag-financas","tag-negocios","tag-preco-da-gasolina-sobe-oito-vez-mais-do-que-o-reajuste-anunciado-pela-petrobras"],"_links":{"self":[{"href":"https:\/\/blogs2.correiobraziliense.com.br\/vicente\/wp-json\/wp\/v2\/posts\/18409","targetHints":{"allow":["GET"]}}],"collection":[{"href":"https:\/\/blogs2.correiobraziliense.com.br\/vicente\/wp-json\/wp\/v2\/posts"}],"about":[{"href":"https:\/\/blogs2.correiobraziliense.com.br\/vicente\/wp-json\/wp\/v2\/types\/post"}],"author":[{"embeddable":true,"href":"https:\/\/blogs2.correiobraziliense.com.br\/vicente\/wp-json\/wp\/v2\/users\/22"}],"replies":[{"embeddable":true,"href":"https:\/\/blogs2.correiobraziliense.com.br\/vicente\/wp-json\/wp\/v2\/comments?post=18409"}],"version-history":[{"count":2,"href":"https:\/\/blogs2.correiobraziliense.com.br\/vicente\/wp-json\/wp\/v2\/posts\/18409\/revisions"}],"predecessor-version":[{"id":18414,"href":"https:\/\/blogs2.correiobraziliense.com.br\/vicente\/wp-json\/wp\/v2\/posts\/18409\/revisions\/18414"}],"wp:featuredmedia":[{"embeddable":true,"href":"https:\/\/blogs2.correiobraziliense.com.br\/vicente\/wp-json\/wp\/v2\/media\/12590"}],"wp:attachment":[{"href":"https:\/\/blogs2.correiobraziliense.com.br\/vicente\/wp-json\/wp\/v2\/media?parent=18409"}],"wp:term":[{"taxonomy":"category","embeddable":true,"href":"https:\/\/blogs2.correiobraziliense.com.br\/vicente\/wp-json\/wp\/v2\/categories?post=18409"},{"taxonomy":"post_tag","embeddable":true,"href":"https:\/\/blogs2.correiobraziliense.com.br\/vicente\/wp-json\/wp\/v2\/tags?post=18409"}],"curies":[{"name":"wp","href":"https:\/\/api.w.org\/{rel}","templated":true}]}}