{"id":18423,"date":"2021-04-19T09:42:31","date_gmt":"2021-04-19T12:42:31","guid":{"rendered":"https:\/\/blogs2.correiobraziliense.com.br\/vicente\/?p=18423"},"modified":"2021-04-19T19:49:25","modified_gmt":"2021-04-19T22:49:25","slug":"previa-do-pib-surpreende-mercado-e-sobe-170-em-fevereiro","status":"publish","type":"post","link":"https:\/\/blogs2.correiobraziliense.com.br\/vicente\/previa-do-pib-surpreende-mercado-e-sobe-170-em-fevereiro\/","title":{"rendered":"&#8220;Pr\u00e9via do PIB&#8221; surpreende mercado e sobe 1,70% em fevereiro"},"content":{"rendered":"<h2>ROSANA HESSEL<\/h2>\n<h2><\/h2>\n<h2><span style=\"font-weight: 400\">O \u00cdndice de Atividade Econ\u00f4mica do Banco Central (IBC-Br), conhecido como &#8220;pr\u00e9via do Produto Interno Bruto (PIB)&#8221;, registrou expans\u00e3o de 1,70%, em fevereiro de 2021, na compara\u00e7\u00e3o com o m\u00eas anterior, conforme dados do Banco Central divulgados nesta segunda-feira (19\/04) na s\u00e9rie com ajuste sazonal.\u00a0<\/span><span style=\"font-weight: 400\">Foi a 10\u00aa alta consecutiva do indicador e o dado ficou acima das expectativas do mercado.<\/span><\/h2>\n<p>&nbsp;<\/p>\n<p><span style=\"font-weight: 400\">A mediana das previs\u00f5es do mercado era de uma alta de 0,90%, com as apostas variando entre zero e 1,70%, de acordo com dados de agentes financeiros.\u00a0 Em janeiro, o indicador avan\u00e7ou 1,04% na compara\u00e7\u00e3o com o m\u00eas anterior. Logo, o dado de fevereiro sinaliza acelera\u00e7\u00e3o no IBC-Br no primeiro bimestre de 2021, que retornou ao patamar anterior ao in\u00edcio da pandemia provocada pelo novo coronav\u00edrus.<\/span><\/p>\n<p>&nbsp;<\/p>\n<p><span style=\"font-weight: 400\">C<\/span><span style=\"font-weight: 400\">ontudo, as estimativas do mercado para o PIB deste ano est\u00e3o em constante revis\u00e3o para baixo, porque as expectativas para os meses seguintes n\u00e3o s\u00e3o muito animadoras devido ao agravamento da pandemia da covid-19 no pa\u00eds, que obrigou a ado\u00e7\u00e3o de medidas de isolamento pelos estados, principalmente, em mar\u00e7o.\u00a0 <\/span><\/p>\n<p>&nbsp;<\/p>\n<p>No trimestre encerrado em fevereiro, o Banco Central registrou avan\u00e7os de 3,13%, na s\u00e9rie dessazonalizada, e de 0,68% sem ajuste sazonal. Conforme os dados observados sem os ajustes, o\u00a0IBC-Br registrou alta de 0,23%, no ano. J\u00e1 no acumulado em 12 meses, registrou queda de 4,02%.<\/p>\n<p>&nbsp;<\/p>\n<p><span style=\"font-weight: 400\">As proje\u00e7\u00f5es do mercado, inclusive, apontam queda do PIB nos dois trimestre da primeira metade de 2021, sinalizando uma recess\u00e3o t\u00e9cnica devido \u00e0 piora da pandemia no pa\u00eds, que j\u00e1 registra mais de 370 mil mortes. O atraso na vacina\u00e7\u00e3o do pa\u00eds devido \u00e0 falta do imunizante na quantidade necess\u00e1ria para que o pa\u00eds consiga alcan\u00e7ar, o quanto antes, a imunidade de rebanho, s\u00e3o alguns dos fatores para a piora das previs\u00f5es. Pelas estimativas de especialistas,\u00a0<\/span><span style=\"font-weight: 400\">pelo menos, \u00e9 preciso que 70% da popula\u00e7\u00e3o seja vacinada para o pa\u00eds atingir a imunidade de rebanho.<\/span><\/p>\n<p>&nbsp;<\/p>\n<p>De acordo com o economista Claudio Considera, pesquisador associado do Instituto Brasileiro de Economia da Funda\u00e7\u00e3o Getulio Vargas (FGV Ibre), os dados do IBC-Br surpreenderam positivamente, mas n\u00e3o h\u00e1 motivo para comemora\u00e7\u00e3o. O instituto previa alta de 1,4%, acima da mediana do mercado. &#8220;N\u00e3o \u00e9 motivo para euforia. \u00c9 natural que o indicador venha um pouco melhor porque a base comparativa de 2020 era muito baixa&#8221;, disse o analista, lembrando que, em janeiro e em fevereiro de 2020, o IBC-Br apresentou, respectivamente, varia\u00e7\u00f5es de 0,3 % e de zero, na compara\u00e7\u00e3o com os mesmos meses de 2019. Ele lembrou que, h\u00e1 um dado preocupante que foi a press\u00e3o dos servi\u00e7os, que apresentaram melhora em fevereiro, mostrando que n\u00e3o houve muito respeito \u00e0s medidas de conten\u00e7\u00e3o social.<\/p>\n<p>&nbsp;<\/p>\n<p>&#8220;Isso mostra que houve exagero no desrespeito \u00e0s medidas contra a pandemia&#8221;, lamentou Considera. Segundo ele, em mar\u00e7o os dados podem n\u00e3o vir t\u00e3o positivos mas, em abril, \u00e9 prov\u00e1vel que a queda na atividade seja bem grande, porque ainda n\u00e3o h\u00e1 um avan\u00e7o expressivo no programa de vacina\u00e7\u00e3o nacional. &#8220;Apenas a vacina\u00e7\u00e3o em massa \u00e9 que vai garantir uma retomada da economia mais segura&#8221;, frisou.<\/p>\n<p>&nbsp;<\/p>\n<p>&nbsp;<\/p>\n<p><strong>Piora nas proje\u00e7\u00f5es do mercado<\/strong><\/p>\n<p>&nbsp;<\/p>\n<p>Pouco antes do IBC-Br, o Banco Central divulgou o boletim semanal Focus com as proje\u00e7\u00f5es do mercado, que apresentaram a s\u00e9tima queda consecutiva nas previs\u00f5es para o crescimento do PIB brasileiro neste ano. A mediana das estimativas passou de 3,08% para 3,04% entre a semana passada e esta semana.<\/p>\n<p>&nbsp;<\/p>\n<p>H\u00e1 quatro semanas, a mediana das proje\u00e7\u00f5es do mercado era de alta de 3,22% no PIB deste ano.\u00a0 Para 2022, a previs\u00e3o melhorou, passando de 3,53% para 3,60%, conforme pesquisa feita junto a 98 economistas.<\/p>\n<p>&nbsp;<\/p>\n<p>J\u00e1 as estimativas de 104 economistas para a infla\u00e7\u00e3o oficial, medida pelo \u00cdndice de Pre\u00e7os ao Consumidor Amplo (IPCA) tamb\u00e9m pioraram, passando de 4,85% para 4,92% na mesma base de compara\u00e7\u00e3o. \u00c9 a segunda alta consecutiva na semana e as proje\u00e7\u00f5es indicam uma taxa para o IPCA acima da meta infla\u00e7\u00e3o deste ano determinada pelo Conselho Monet\u00e1rio Nacional (CMN), de 3,75%, com teto de 5,25% no acumulado do ano.<\/p>\n<p>&nbsp;<\/p>\n<p>A proje\u00e7\u00e3o para a taxa b\u00e1sica de juros (Selic) ficou est\u00e1vel em 5,25% ao ano. Enquanto isso, a mediana das previs\u00f5es para o c\u00e2mbio voltou a subir pela quarta vez seguida, com taxa para o d\u00f3lar no fim do ano passando de R$ 5,37 para R$ 5,40.<\/p>\n<p>&nbsp;<\/p>\n<p>&nbsp;<\/p>\n","protected":false},"excerpt":{"rendered":"<p>ROSANA HESSEL O \u00cdndice de Atividade Econ\u00f4mica do Banco Central (IBC-Br), conhecido como &#8220;pr\u00e9via do Produto Interno Bruto (PIB)&#8221;, registrou expans\u00e3o de 1,70%, em fevereiro de 2021, na compara\u00e7\u00e3o com o m\u00eas anterior, conforme dados do Banco Central divulgados nesta segunda-feira (19\/04) na s\u00e9rie com ajuste sazonal.\u00a0Foi a 10\u00aa alta consecutiva do indicador e o [&hellip;]<\/p>\n","protected":false},"author":22,"featured_media":15102,"comment_status":"open","ping_status":"closed","sticky":false,"template":"","format":"standard","meta":{"wpb_read_more":[],"footnotes":""},"categories":[600],"tags":[2581,3,5397,4098,2580,5260],"class_list":["post-18423","post","type-post","status-publish","format-standard","has-post-thumbnail","hentry","category-economia","tag-atividade-economica","tag-banco-central","tag-estimativas-do-mercado","tag-focus","tag-ibc-br","tag-previa-do-pib"],"_links":{"self":[{"href":"https:\/\/blogs2.correiobraziliense.com.br\/vicente\/wp-json\/wp\/v2\/posts\/18423","targetHints":{"allow":["GET"]}}],"collection":[{"href":"https:\/\/blogs2.correiobraziliense.com.br\/vicente\/wp-json\/wp\/v2\/posts"}],"about":[{"href":"https:\/\/blogs2.correiobraziliense.com.br\/vicente\/wp-json\/wp\/v2\/types\/post"}],"author":[{"embeddable":true,"href":"https:\/\/blogs2.correiobraziliense.com.br\/vicente\/wp-json\/wp\/v2\/users\/22"}],"replies":[{"embeddable":true,"href":"https:\/\/blogs2.correiobraziliense.com.br\/vicente\/wp-json\/wp\/v2\/comments?post=18423"}],"version-history":[{"count":12,"href":"https:\/\/blogs2.correiobraziliense.com.br\/vicente\/wp-json\/wp\/v2\/posts\/18423\/revisions"}],"predecessor-version":[{"id":18469,"href":"https:\/\/blogs2.correiobraziliense.com.br\/vicente\/wp-json\/wp\/v2\/posts\/18423\/revisions\/18469"}],"wp:featuredmedia":[{"embeddable":true,"href":"https:\/\/blogs2.correiobraziliense.com.br\/vicente\/wp-json\/wp\/v2\/media\/15102"}],"wp:attachment":[{"href":"https:\/\/blogs2.correiobraziliense.com.br\/vicente\/wp-json\/wp\/v2\/media?parent=18423"}],"wp:term":[{"taxonomy":"category","embeddable":true,"href":"https:\/\/blogs2.correiobraziliense.com.br\/vicente\/wp-json\/wp\/v2\/categories?post=18423"},{"taxonomy":"post_tag","embeddable":true,"href":"https:\/\/blogs2.correiobraziliense.com.br\/vicente\/wp-json\/wp\/v2\/tags?post=18423"}],"curies":[{"name":"wp","href":"https:\/\/api.w.org\/{rel}","templated":true}]}}