{"id":18477,"date":"2021-04-20T11:08:36","date_gmt":"2021-04-20T14:08:36","guid":{"rendered":"https:\/\/blogs2.correiobraziliense.com.br\/vicente\/?p=18477"},"modified":"2021-04-20T12:16:50","modified_gmt":"2021-04-20T15:16:50","slug":"df-pode-ficar-sem-gasolina-a-partir-de-quinta-feira-preco-sobe-nos-postos","status":"publish","type":"post","link":"https:\/\/blogs2.correiobraziliense.com.br\/vicente\/df-pode-ficar-sem-gasolina-a-partir-de-quinta-feira-preco-sobe-nos-postos\/","title":{"rendered":"Com o risco de faltar gasolina, pre\u00e7os disparam nos postos"},"content":{"rendered":"<h2>Os brasilienses podem se preparar. Segundo o Sindicato do Com\u00e9rcio Varejista de Combust\u00edveis e de Lubrificantes do Distrito Federal (Sindicombust\u00edveis-DF), s\u00e3o elevad\u00edssimos os riscos de faltar gasolina na capital do pa\u00eds a partir desta quinta-feira (22\/04). Os estoques das distribuidores e dos postos est\u00e3o quase zerados. Com isso, os pre\u00e7os nas bombas dispararam.<\/h2>\n<p>&nbsp;<\/p>\n<p>Paulo Tavares, presidente do Sindicombust\u00edveis-DF, explica que o Distrito Federal \u00e9 abastecido por meio de um duto da Transpetro, controlada pela Petrobras. Mas esse duto est\u00e1 com problemas desde a semana passada. Como n\u00e3o chega gasolina h\u00e1 dias na capital do pa\u00eds, postos podem enfrentam o que se chama de pane-seca.<\/p>\n<p>&nbsp;<\/p>\n<p>Pelos c\u00e1lculos de Tavares, quatro postos j\u00e1 est\u00e3o nesta situa\u00e7\u00e3o. Ou seja, tiveram que suspender o atendimento ao p\u00fablico. Nos que ainda t\u00eam combust\u00edveis, os pre\u00e7os subiram. No Setor de Ind\u00fastria e Abastecimento (SIA) e no Setor de Ind\u00fastrias Gr\u00e1ficas (SIG), o valor nas bombas saltou R$ 0,50, de R$ 5,399 para R$ 5,899 o litro.<\/p>\n<p>&nbsp;<\/p>\n<p>Para evitar o desabastecimento geral, as distribuidoras est\u00e3o racionando as entregas. A decis\u00e3o foi por fixar um sistema de cotas: cada posto est\u00e1 recebendo um ter\u00e7o dos pedidos, ou 2 mil litros. Mas, no fim do dia, v\u00e1rios estabelecimentos j\u00e1 est\u00e3o com os tanques vazios.<\/p>\n<p>&nbsp;<\/p>\n<p>O presidente do Sindicombust\u00edveis-DF diz que as distribuidoras j\u00e1 acionaram a Petrobr\u00e1s sobre os problemas no abastecimento e sobre os riscos de a capital do pa\u00eds ficar sem combust\u00edveis. Por\u00e9m, at\u00e9 agora, a estatal, que est\u00e1 sob nova dire\u00e7\u00e3o, ainda n\u00e3o se pronunciou.<\/p>\n<p>&nbsp;<\/p>\n<p>Por enquanto, n\u00e3o se v\u00ea uma corrida aos postos. Contudo, diante da amea\u00e7a clara de faltar combust\u00edvel, o aumento desenfreado da demanda pode antecipar a escassez geral nos postos. O momento, como ressalta Paulo Tavares, \u00e9 muito grave. A falta de combust\u00edveis trar\u00e1 problemas graves para uma economia j\u00e1 muito debilitada.<\/p>\n<p>&nbsp;<\/p>\n<p><em>Bras\u00edlia, 11h08min<\/em><\/p>\n","protected":false},"excerpt":{"rendered":"<p>Os brasilienses podem se preparar. Segundo o Sindicato do Com\u00e9rcio Varejista de Combust\u00edveis e de Lubrificantes do Distrito Federal (Sindicombust\u00edveis-DF), s\u00e3o elevad\u00edssimos os riscos de faltar gasolina na capital do pa\u00eds a partir desta quinta-feira (22\/04). Os estoques das distribuidores e dos postos est\u00e3o quase zerados. Com isso, os pre\u00e7os nas bombas dispararam. &nbsp; Paulo [&hellip;]<\/p>\n","protected":false},"author":22,"featured_media":12528,"comment_status":"open","ping_status":"closed","sticky":false,"template":"","format":"standard","meta":{"wpb_read_more":[],"footnotes":""},"categories":[600],"tags":[],"class_list":["post-18477","post","type-post","status-publish","format-standard","has-post-thumbnail","hentry","category-economia"],"_links":{"self":[{"href":"https:\/\/blogs2.correiobraziliense.com.br\/vicente\/wp-json\/wp\/v2\/posts\/18477","targetHints":{"allow":["GET"]}}],"collection":[{"href":"https:\/\/blogs2.correiobraziliense.com.br\/vicente\/wp-json\/wp\/v2\/posts"}],"about":[{"href":"https:\/\/blogs2.correiobraziliense.com.br\/vicente\/wp-json\/wp\/v2\/types\/post"}],"author":[{"embeddable":true,"href":"https:\/\/blogs2.correiobraziliense.com.br\/vicente\/wp-json\/wp\/v2\/users\/22"}],"replies":[{"embeddable":true,"href":"https:\/\/blogs2.correiobraziliense.com.br\/vicente\/wp-json\/wp\/v2\/comments?post=18477"}],"version-history":[{"count":3,"href":"https:\/\/blogs2.correiobraziliense.com.br\/vicente\/wp-json\/wp\/v2\/posts\/18477\/revisions"}],"predecessor-version":[{"id":18480,"href":"https:\/\/blogs2.correiobraziliense.com.br\/vicente\/wp-json\/wp\/v2\/posts\/18477\/revisions\/18480"}],"wp:featuredmedia":[{"embeddable":true,"href":"https:\/\/blogs2.correiobraziliense.com.br\/vicente\/wp-json\/wp\/v2\/media\/12528"}],"wp:attachment":[{"href":"https:\/\/blogs2.correiobraziliense.com.br\/vicente\/wp-json\/wp\/v2\/media?parent=18477"}],"wp:term":[{"taxonomy":"category","embeddable":true,"href":"https:\/\/blogs2.correiobraziliense.com.br\/vicente\/wp-json\/wp\/v2\/categories?post=18477"},{"taxonomy":"post_tag","embeddable":true,"href":"https:\/\/blogs2.correiobraziliense.com.br\/vicente\/wp-json\/wp\/v2\/tags?post=18477"}],"curies":[{"name":"wp","href":"https:\/\/api.w.org\/{rel}","templated":true}]}}