{"id":18483,"date":"2021-04-20T16:58:16","date_gmt":"2021-04-20T19:58:16","guid":{"rendered":"https:\/\/blogs2.correiobraziliense.com.br\/vicente\/?p=18483"},"modified":"2021-04-20T18:23:45","modified_gmt":"2021-04-20T21:23:45","slug":"superamos-as-melhores-expectativas-com-a-arrecadacao-diz-paulo-guedes","status":"publish","type":"post","link":"https:\/\/blogs2.correiobraziliense.com.br\/vicente\/superamos-as-melhores-expectativas-com-a-arrecadacao-diz-paulo-guedes\/","title":{"rendered":"&#8220;Superamos as melhores expectativas com a arrecada\u00e7\u00e3o&#8221;, diz Paulo Guedes"},"content":{"rendered":"<h2><span style=\"font-weight: 400\">ROSANA HESSEL<\/span><\/h2>\n<h2><span style=\"font-weight: 400\">A arrecada\u00e7\u00e3o total da Uni\u00e3o atingiu, em mar\u00e7o de 2021, o valor de R$ 137,9 bilh\u00f5es, registrando acr\u00e9scimo real (descontada a infla\u00e7\u00e3o) de 18,49% em rela\u00e7\u00e3o a mar\u00e7o de 2020, conforme dados divulgados pela Receita Federal nesta ter\u00e7a-feira (20\/04). O dado superou as expectativas do governo e do mercado e \u00e9 o melhor para o m\u00eas desde o in\u00edcio de toda a s\u00e9rie hist\u00f3rica iniciada em 1995, de acordo com t\u00e9cnicos do \u00f3rg\u00e3o.<\/span><\/h2>\n<p>&nbsp;<\/p>\n<p><span style=\"font-weight: 400\">No acumulado de janeiro a mar\u00e7o de 2021, a receita com tributos somou R$ 445,9 bilh\u00f5es, representando um acr\u00e9scimo corrigido \u00cdndice de Pre\u00e7os ao Consumidor Amplo (IPCA) de 5,64%, segundo dados do Fisco. &#8220;Importante observar que se trata do melhor desempenho arrecadat\u00f3rio desde 2000, tanto para o m\u00eas de mar\u00e7o quanto para o trimestre&#8221;, destacou o comunicado do Fisco, considerando como base de dados do sistema de arrecada\u00e7\u00e3o pelos sistemas mais atuais.<\/span><\/p>\n<p>&nbsp;<\/p>\n<p><span style=\"font-weight: 400\">O volume registrado na arrecada\u00e7\u00e3o das receitas administradas pela Receita, o valor arrecadado, em mar\u00e7o de 2021, foi de R$ 134,6 bilh\u00f5es, representando alta real de 18,15%. No primeiro trimestre,\u00a0 a arrecada\u00e7\u00e3o alcan\u00e7ou R$ 431,1 bilh\u00f5es, registrando acr\u00e9scimo real (IPCA) de 6,83%.\u00a0<\/span><\/p>\n<p>&nbsp;<\/p>\n<p>Os dados recordes da arrecada\u00e7\u00e3o federal foram comemorados pelo ministro da Economia, Paulo Guedes, que apareceu na videoconfer\u00eancia para comentar os dados com &#8220;aumentos reais expressivos&#8221; na receita com tributos. &#8220;Superamos as melhores expectativas de arrecada\u00e7\u00e3o em mar\u00e7o de 2021&#8221;, afirmou. Ele citou o aumento acima da infla\u00e7\u00e3o de quase 20% no terceiro m\u00eas do ano. &#8220;Tivemos os melhores desempenhos arrecadat\u00f3rios j\u00e1 registrados na s\u00e9rie hist\u00f3rica e com aumentos reais expressivos&#8221;, festejou o chefe da equipe econ\u00f4mica, acrescentando que os saldos positivos ocorreram em um momento em que o pa\u00eds n\u00e3o tinha iniciado o pagamento do aux\u00edlio emergencial para as camadas mais vulner\u00e1veis.<\/p>\n<p>&nbsp;<\/p>\n<p>&#8220;\u00c9 importante esse registro porque a arrecada\u00e7\u00e3o \u00e9 uma proxy da economia formal. O que estamos observando que os \u00edndices vieram acima do esperado mostrando recupera\u00e7\u00e3o em todos setores, como o com\u00e9rcio, voltando ao patamar pr\u00e9-pandemia&#8221;, afirmou o ministro, citando como exemplo o \u00cdndice de Atividade Econ\u00f4mica do Banco Central (IBC-Br) que ficou acima do esperado pelo mercado em fevereiro, com alta de 1,7%, e os dados dos setores de com\u00e9rcio e de servi\u00e7os &#8220;voltando aos patamares pr\u00e9-crise. &#8220;O foi derrubado pela pandemia, mas se levantou. O pa\u00eds se recuperou em V e se levantou novamente e registra, neste trimestre, um ritmo de recupera\u00e7\u00e3o expressivo&#8221;, afirmou Guedes, voltando a defender a vacina\u00e7\u00e3o em massa &#8220;para o retorno seguro ao trabalho&#8221; e a continuidade desse processo de recupera\u00e7\u00e3o da economia. &#8220;A melhor pol\u00edtica fiscal \u00e9 vacina, vacina, vacina&#8221;, refor\u00e7ou.<\/p>\n<p>&nbsp;<\/p>\n<p>O ministro ainda criticou as sugest\u00f5es de aumento de imposto durante a pandemia. &#8220;Agora se refor\u00e7a o nosso ponto de vista de que n\u00e3o seria correto aumentar imposto para reduzir deficit em meio a uma recess\u00e3o&#8221;, acrescentou Guedes, que sempre defendeu a cria\u00e7\u00e3o de uma nova Contribui\u00e7\u00e3o Provis\u00f3ria sobre Movimenta\u00e7\u00e3o Financeira (CPMF). Ele ainda voltou a destacar que o pa\u00eds conseguiu uma queda de 4,1% do Produto Interno do PIB (PIB) no no passado\u00a0 &#8220;criando 140 mil empregos na economia formal&#8221; gra\u00e7as \u00e0s medidas fiscais que foram adotadas em 2020 e que consumiram 8,5% do PIB.<\/p>\n<p>&nbsp;<\/p>\n<p>Na avalia\u00e7\u00e3o de Guedes destacou que a arrecada\u00e7\u00e3o forte na arrecada\u00e7\u00e3o mostra que as empresas conseguiram mostrar &#8220;uma enorme capacidade de adapta\u00e7\u00e3o das empresas brasileiras em meio ao tsunami da pandemia&#8221;. Ele citou que as maiores empresas do pa\u00eds e que s\u00e3o listadas na Bolsa registram lucro, com aumento de receita e redu\u00e7\u00e3o de despesa, apesar da crise.<\/p>\n<p>&nbsp;<\/p>\n<p>O secret\u00e1rio especial da Receita Federal, Jos\u00e9 Barroso Tostes Neto, tamb\u00e9m refor\u00e7ou que o bom desempenho da arrecada\u00e7\u00e3o reflete a uma melhora na atividade econ\u00f4mica, especialmente devido ao avan\u00e7o do volume de notas fiscais eletr\u00f4nicas, que avan\u00e7aram 31% em rela\u00e7\u00e3o a fevereiro. &#8220;Esses n\u00fameros\u00a0<span style=\"font-weight: 400\">ratificam o bom desempenho dos principais setores, que se refletiu nesses n\u00fameros da arrecada\u00e7\u00e3o tribut\u00e1ria realizada nesse per\u00edodo&#8221;, frisou.<\/span><\/p>\n<p>&nbsp;<\/p>\n<p><strong>Ressalva nos dados<\/strong><\/p>\n<p>&nbsp;<\/p>\n<p>O chefe do Centro de Estudos Tribut\u00e1rios e Aduaneiros da Receita, Claudemir Malaquias, o bom desempenho da arrecada\u00e7\u00e3o de mar\u00e7o e do primeiro trimestre do ano refletem, em grande parte, o crescimento de 33,43% dos valores compensados, que somaram R$ 12,3 bilh\u00f5es, e a arrecada\u00e7\u00e3o extraordin\u00e1ria do Imposto de Renda Pessoa Jur\u00eddica e da Contribui\u00e7\u00e3o sobre Lucro L\u00edquido (IRPJ-CSLL), de R$ 10,5 bilh\u00f5es no trimestre.\u00a0 &#8220;Isso mostra que as empresas tiveram capacidade extraordin\u00e1ria de se adaptar durante a pandemia e conseguiram manter a lucratividade&#8221;, afirmou. Segundo ele, os setores que apresentaram melhor desempenho na arrecada\u00e7\u00e3o foram o atacadista, o de extra\u00e7\u00e3o de min\u00e9rio e o de combust\u00edveis.<\/p>\n<p>&nbsp;<\/p>\n<p>Apesar do bom desempenho de mar\u00e7o, Malaquias reconheceu que os dados refletem o n\u00edvel de atividade de fevereiro e, portanto, n\u00e3o incluem os efeitos mais duros da segunda onda da pandemia de covid-19 no pa\u00eds, e, portanto, n\u00e3o \u00e9 poss\u00edvel garantir o mesmo patamar nos meses em que a pandemia se agravou e houve maior volume de medidas de restri\u00e7\u00e3o nos estados. &#8220;O resultado de mar\u00e7o estamos refletindo a atividade econ\u00f4mica de fevereiro e se o recrudescimento da pandemia, de fato, impactar na arrecada\u00e7\u00e3o isso poder\u00e1 ocorrer ao longo deste ano&#8221;, afirmou. Ele acrescentou que o Fisco depende da manuten\u00e7\u00e3o do n\u00edvel de atividade econ\u00f4mica para que isso se reflita na arrecada\u00e7\u00e3o. &#8220;\u00c9\u00a0 importante esperar um pouco mais para verificar como os agentes econ\u00f4micos e as medidas restritivas devem impactar nos pr\u00f3ximos meses&#8221;, disse.<\/p>\n<p>&nbsp;<\/p>\n<p>Ao ser questionado sobre os dados de abril, o t\u00e9cnico ainda disse que os dados preliminares s\u00e3o &#8220;satisfat\u00f3rios&#8221;, mas admitiu que &#8220;nas atividades mais sens\u00edveis \u00e0 circula\u00e7\u00e3o de pessoas&#8221;, como servi\u00e7os em geral, pode ter uma contra\u00e7\u00e3o na receita.<\/p>\n<p>&nbsp;<\/p>\n<p>&nbsp;<\/p>\n","protected":false},"excerpt":{"rendered":"<p>ROSANA HESSEL A arrecada\u00e7\u00e3o total da Uni\u00e3o atingiu, em mar\u00e7o de 2021, o valor de R$ 137,9 bilh\u00f5es, registrando acr\u00e9scimo real (descontada a infla\u00e7\u00e3o) de 18,49% em rela\u00e7\u00e3o a mar\u00e7o de 2020, conforme dados divulgados pela Receita Federal nesta ter\u00e7a-feira (20\/04). O dado superou as expectativas do governo e do mercado e \u00e9 o melhor [&hellip;]<\/p>\n","protected":false},"author":22,"featured_media":17184,"comment_status":"open","ping_status":"closed","sticky":false,"template":"","format":"standard","meta":{"wpb_read_more":[],"footnotes":""},"categories":[600],"tags":[297,5404,4073,524,3613,8,574],"class_list":["post-18483","post","type-post","status-publish","format-standard","has-post-thumbnail","hentry","category-economia","tag-arrecadacao","tag-claudemir-malaquias","tag-fisco","tag-impostos","tag-paulo-guedes","tag-receita-federal","tag-tributos"],"_links":{"self":[{"href":"https:\/\/blogs2.correiobraziliense.com.br\/vicente\/wp-json\/wp\/v2\/posts\/18483","targetHints":{"allow":["GET"]}}],"collection":[{"href":"https:\/\/blogs2.correiobraziliense.com.br\/vicente\/wp-json\/wp\/v2\/posts"}],"about":[{"href":"https:\/\/blogs2.correiobraziliense.com.br\/vicente\/wp-json\/wp\/v2\/types\/post"}],"author":[{"embeddable":true,"href":"https:\/\/blogs2.correiobraziliense.com.br\/vicente\/wp-json\/wp\/v2\/users\/22"}],"replies":[{"embeddable":true,"href":"https:\/\/blogs2.correiobraziliense.com.br\/vicente\/wp-json\/wp\/v2\/comments?post=18483"}],"version-history":[{"count":11,"href":"https:\/\/blogs2.correiobraziliense.com.br\/vicente\/wp-json\/wp\/v2\/posts\/18483\/revisions"}],"predecessor-version":[{"id":18496,"href":"https:\/\/blogs2.correiobraziliense.com.br\/vicente\/wp-json\/wp\/v2\/posts\/18483\/revisions\/18496"}],"wp:featuredmedia":[{"embeddable":true,"href":"https:\/\/blogs2.correiobraziliense.com.br\/vicente\/wp-json\/wp\/v2\/media\/17184"}],"wp:attachment":[{"href":"https:\/\/blogs2.correiobraziliense.com.br\/vicente\/wp-json\/wp\/v2\/media?parent=18483"}],"wp:term":[{"taxonomy":"category","embeddable":true,"href":"https:\/\/blogs2.correiobraziliense.com.br\/vicente\/wp-json\/wp\/v2\/categories?post=18483"},{"taxonomy":"post_tag","embeddable":true,"href":"https:\/\/blogs2.correiobraziliense.com.br\/vicente\/wp-json\/wp\/v2\/tags?post=18483"}],"curies":[{"name":"wp","href":"https:\/\/api.w.org\/{rel}","templated":true}]}}