{"id":18484,"date":"2021-04-20T15:51:35","date_gmt":"2021-04-20T18:51:35","guid":{"rendered":"https:\/\/blogs2.correiobraziliense.com.br\/vicente\/?p=18484"},"modified":"2021-04-20T16:45:16","modified_gmt":"2021-04-20T19:45:16","slug":"paulo-guedes-transformou-se-em-um-engodo-para-se-manter-no-poder","status":"publish","type":"post","link":"https:\/\/blogs2.correiobraziliense.com.br\/vicente\/paulo-guedes-transformou-se-em-um-engodo-para-se-manter-no-poder\/","title":{"rendered":"Paulo Guedes transformou-se em um engodo para se manter no poder"},"content":{"rendered":"<h2>Mesmo entre t\u00e9cnicos da equipe econ\u00f4mica, a decep\u00e7\u00e3o com o ministro da Economia, Paulo Guedes, \u00e9 grande. Os mais cr\u00edticos dizem que Guedes transformou-se em um engodo para se manter no poder. Todo o desapontamento com o ministro vem do Or\u00e7amento de 2021, que abriu espa\u00e7o para gastos de cerca de R$ 125 bilh\u00f5es fora das regras fiscais.<\/h2>\n<p>&nbsp;<\/p>\n<p>Por mais que Guedes queira se distanciar desse or\u00e7amento paralelo, inaceit\u00e1vel em um pa\u00eds s\u00e9rio \u2014 o que n\u00e3o \u00e9 o caso do Brasil \u2014, est\u00e1 claro para a equipe dele e para analistas de mercado, que tudo foi feito com o aval do ministro. Para os t\u00e9cnicos, Guedes rasgou toda a cartilha liberal que sempre defendeu para abrir espa\u00e7o a gastos que t\u00eam como objetivo reeleger o presidente Jair Bolsonaro.<\/p>\n<p>&nbsp;<\/p>\n<p>O Or\u00e7amento que saiu do Congresso agride todo o bom senso da gest\u00e3o fiscal. Por press\u00e3o dos t\u00e9cnicos, ainda se tentou corrigir o m\u00e1ximo poss\u00edvel de distor\u00e7\u00f5es, mas a pol\u00edtica falou mais alto. O governo, com Guedes \u00e0 frente, preferiu mexer na Lei de Diretrizes Or\u00e7ament\u00e1rias (LDO) para abrir espa\u00e7o a mais despesas e preservar as emendas de parlamentares de cortes.<\/p>\n<p>&nbsp;<\/p>\n<p>Depois que o Or\u00e7amento foi aprovado, Guedes, a despeito de todos os acordos pol\u00edticos que fez com os presidentes da C\u00e2mara, Arthur Lira, e do Senado, Rodrigo Pacheco, adotou um discurso fiscalista, tentando reverberar a indigna\u00e7\u00e3o da equipe econ\u00f4mica. Mas foi falando cada vez mais fino depois que se viu amea\u00e7ado de perder o cargo.<\/p>\n<p>&nbsp;<\/p>\n<p>Lira e Pacheco deixaram claro ao ministro e ao chefe dele, o presidente Jair Bolsonaro, que pagariam caro se o acordo que levou \u00e0 aprova\u00e7\u00e3o do Or\u00e7amento fosse rasgado. Bolsonaro, como tem certeza de que o aumento de gastos, sobretudo com obras, poder\u00e1 lhe favorecer em 2022, quando disputar\u00e1 a reelei\u00e7\u00e3o, ficou na moita.<\/p>\n<p>&nbsp;<\/p>\n<p>O ministro, por sua vez, assumiu de vez de que lado estava. Afinal, a perspectiva de mais quatro anos de poder \u00e9 inebriante. Assim,\u00a0o Guedes dur\u00e3o, defensor de um Estado enxuto, cr\u00edtico de acordos pol\u00edticos que avan\u00e7am sobre os cofres p\u00fablicos, agora, fala em alguns &#8220;exageros&#8221; e &#8220;desacertos&#8221;, mas que, no final das contas, tudo deu certo. Para ele e Bolsonaro, ressalte-se.<\/p>\n<p>&nbsp;<\/p>\n<p><em>Bras\u00edlia, 15h51min<\/em><\/p>\n","protected":false},"excerpt":{"rendered":"<p>Mesmo entre t\u00e9cnicos da equipe econ\u00f4mica, a decep\u00e7\u00e3o com o ministro da Economia, Paulo Guedes, \u00e9 grande. Os mais cr\u00edticos dizem que Guedes transformou-se em um engodo para se manter no poder. Todo o desapontamento com o ministro vem do Or\u00e7amento de 2021, que abriu espa\u00e7o para gastos de cerca de R$ 125 bilh\u00f5es fora [&hellip;]<\/p>\n","protected":false},"author":22,"featured_media":15234,"comment_status":"open","ping_status":"closed","sticky":false,"template":"","format":"standard","meta":{"wpb_read_more":[],"footnotes":""},"categories":[600],"tags":[926,589,5403,2787],"class_list":["post-18484","post","type-post","status-publish","format-standard","has-post-thumbnail","hentry","category-economia","tag-brasilia","tag-economia","tag-paulo-guedes-transformou-se-em-um-engodo-para-se-manter-no-poder","tag-politica"],"_links":{"self":[{"href":"https:\/\/blogs2.correiobraziliense.com.br\/vicente\/wp-json\/wp\/v2\/posts\/18484","targetHints":{"allow":["GET"]}}],"collection":[{"href":"https:\/\/blogs2.correiobraziliense.com.br\/vicente\/wp-json\/wp\/v2\/posts"}],"about":[{"href":"https:\/\/blogs2.correiobraziliense.com.br\/vicente\/wp-json\/wp\/v2\/types\/post"}],"author":[{"embeddable":true,"href":"https:\/\/blogs2.correiobraziliense.com.br\/vicente\/wp-json\/wp\/v2\/users\/22"}],"replies":[{"embeddable":true,"href":"https:\/\/blogs2.correiobraziliense.com.br\/vicente\/wp-json\/wp\/v2\/comments?post=18484"}],"version-history":[{"count":1,"href":"https:\/\/blogs2.correiobraziliense.com.br\/vicente\/wp-json\/wp\/v2\/posts\/18484\/revisions"}],"predecessor-version":[{"id":18486,"href":"https:\/\/blogs2.correiobraziliense.com.br\/vicente\/wp-json\/wp\/v2\/posts\/18484\/revisions\/18486"}],"wp:featuredmedia":[{"embeddable":true,"href":"https:\/\/blogs2.correiobraziliense.com.br\/vicente\/wp-json\/wp\/v2\/media\/15234"}],"wp:attachment":[{"href":"https:\/\/blogs2.correiobraziliense.com.br\/vicente\/wp-json\/wp\/v2\/media?parent=18484"}],"wp:term":[{"taxonomy":"category","embeddable":true,"href":"https:\/\/blogs2.correiobraziliense.com.br\/vicente\/wp-json\/wp\/v2\/categories?post=18484"},{"taxonomy":"post_tag","embeddable":true,"href":"https:\/\/blogs2.correiobraziliense.com.br\/vicente\/wp-json\/wp\/v2\/tags?post=18484"}],"curies":[{"name":"wp","href":"https:\/\/api.w.org\/{rel}","templated":true}]}}