{"id":18507,"date":"2021-04-22T11:36:30","date_gmt":"2021-04-22T14:36:30","guid":{"rendered":"https:\/\/blogs2.correiobraziliense.com.br\/vicente\/?p=18507"},"modified":"2021-04-22T11:38:24","modified_gmt":"2021-04-22T14:38:24","slug":"para-greenpeace-bolsonaro-mente-em-discurso-na-cupula-do-clima","status":"publish","type":"post","link":"https:\/\/blogs2.correiobraziliense.com.br\/vicente\/para-greenpeace-bolsonaro-mente-em-discurso-na-cupula-do-clima\/","title":{"rendered":"Para Greenpeace, Bolsonaro mente em discurso na C\u00fapula do Clima"},"content":{"rendered":"<p>ROSANA HESSEL<\/p>\n<p>&nbsp;<\/p>\n<p>O presidente Jair Bolsonaro, como o esperado, n\u00e3o convenceu em seu discurso na C\u00fapula do Clima, na manh\u00e3 desta quinta-feira (22\/04), na avalia\u00e7\u00e3o do Greenpeace, que pediu ao presidente dos Estados Unidos, Joe Biden, que n\u00e3o feche qualquer acordo com Bolsonaro no no &#8220;presente ou no futuro&#8221; enquanto n\u00e3o houver demonstra\u00e7\u00f5es reais do governo brasileiro de medidas na prote\u00e7\u00e3o combate \u00e0s mudan\u00e7as clim\u00e1ticas e na preserva\u00e7\u00e3o ambiental a fim de limitar o aumento da temperatura global at\u00e9 1.5\u00b0C.<\/p>\n<p>&nbsp;<\/p>\n<p>&#8220;O governo Bolsonaro reafirma acabar com desmatamento ilegal em 2030, e anuncia zerar emiss\u00f5es de carbono em 2050, por\u00e9m n\u00e3o possui pol\u00edtica p\u00fablica para a conten\u00e7\u00e3o do desmatamento. \u00c9 imposs\u00edvel proteger a floresta dando fundos a algu\u00e9m respons\u00e1vel por n\u00edveis recordes de desmatamento na Amaz\u00f4nia e viola\u00e7\u00f5es dos direitos humanos&#8221;, destacou\u00a0Fabiana Alves, Coordenadora de Clima e Justi\u00e7a do Greenpeace.<\/p>\n<p>&nbsp;<\/p>\n<p>De acordo com a executiva da organiza\u00e7\u00e3o ambiental, o presidente deu sinais contradit\u00f3rios ao ressaltar em sua fala o mercado de carbono como solu\u00e7\u00e3o, dando \u00e0s empresas de combust\u00edveis f\u00f3sseis um caminho para &#8220;compensar&#8221; sua polui\u00e7\u00e3o com florestas, em vez de, de fato, reduzi-la. Ele ainda valorizou as contribui\u00e7\u00f5es nacionais brasileiras ao Acordo de Paris, que neste momento est\u00e3o sendo questionadas na Justi\u00e7a por serem menos ambiciosas que as anteriores. &#8220;A melhor forma de proteger a Amaz\u00f4nia \u00e9 defendendo os direitos dos Povos Ind\u00edgenas e das comunidades tradicionais, que s\u00e3o sistematicamente exclu\u00eddos das pol\u00edticas do governo atual\u201d, completou.<\/p>\n<p>&nbsp;<\/p>\n<p>Durante a abertura da <a href=\"https:\/\/www.correiobraziliense.com.br\/mundo\/2021\/04\/4919531-comeca-a-cupula-do-clima-promovida-por-joe-biden-acompanhe-ao-vivo.html\">confer\u00eancia com 40 l\u00edderes globais,<\/a> o presidente dos EUA anunciou que o pa\u00eds pretende cortar pela metade as emiss\u00f5es de gases respons\u00e1veis pelo efeito estufa em 50% at\u00e9 2030. A conferir e ver como a ind\u00fastria poluidora do petr\u00f3leo vai reagir.<\/p>\n<p>&nbsp;<\/p>\n<p>&nbsp;<\/p>\n<p>&nbsp;<\/p>\n","protected":false},"excerpt":{"rendered":"<p>ROSANA HESSEL &nbsp; O presidente Jair Bolsonaro, como o esperado, n\u00e3o convenceu em seu discurso na C\u00fapula do Clima, na manh\u00e3 desta quinta-feira (22\/04), na avalia\u00e7\u00e3o do Greenpeace, que pediu ao presidente dos Estados Unidos, Joe Biden, que n\u00e3o feche qualquer acordo com Bolsonaro no no &#8220;presente ou no futuro&#8221; enquanto n\u00e3o houver demonstra\u00e7\u00f5es reais [&hellip;]<\/p>\n","protected":false},"author":22,"featured_media":10126,"comment_status":"open","ping_status":"closed","sticky":false,"template":"","format":"standard","meta":{"wpb_read_more":[],"footnotes":""},"categories":[600],"tags":[5406,2554,5405,460],"class_list":["post-18507","post","type-post","status-publish","format-standard","has-post-thumbnail","hentry","category-economia","tag-biden","tag-bolsonaro","tag-cupula-do-clima","tag-meio-ambiente"],"_links":{"self":[{"href":"https:\/\/blogs2.correiobraziliense.com.br\/vicente\/wp-json\/wp\/v2\/posts\/18507","targetHints":{"allow":["GET"]}}],"collection":[{"href":"https:\/\/blogs2.correiobraziliense.com.br\/vicente\/wp-json\/wp\/v2\/posts"}],"about":[{"href":"https:\/\/blogs2.correiobraziliense.com.br\/vicente\/wp-json\/wp\/v2\/types\/post"}],"author":[{"embeddable":true,"href":"https:\/\/blogs2.correiobraziliense.com.br\/vicente\/wp-json\/wp\/v2\/users\/22"}],"replies":[{"embeddable":true,"href":"https:\/\/blogs2.correiobraziliense.com.br\/vicente\/wp-json\/wp\/v2\/comments?post=18507"}],"version-history":[{"count":3,"href":"https:\/\/blogs2.correiobraziliense.com.br\/vicente\/wp-json\/wp\/v2\/posts\/18507\/revisions"}],"predecessor-version":[{"id":18511,"href":"https:\/\/blogs2.correiobraziliense.com.br\/vicente\/wp-json\/wp\/v2\/posts\/18507\/revisions\/18511"}],"wp:featuredmedia":[{"embeddable":true,"href":"https:\/\/blogs2.correiobraziliense.com.br\/vicente\/wp-json\/wp\/v2\/media\/10126"}],"wp:attachment":[{"href":"https:\/\/blogs2.correiobraziliense.com.br\/vicente\/wp-json\/wp\/v2\/media?parent=18507"}],"wp:term":[{"taxonomy":"category","embeddable":true,"href":"https:\/\/blogs2.correiobraziliense.com.br\/vicente\/wp-json\/wp\/v2\/categories?post=18507"},{"taxonomy":"post_tag","embeddable":true,"href":"https:\/\/blogs2.correiobraziliense.com.br\/vicente\/wp-json\/wp\/v2\/tags?post=18507"}],"curies":[{"name":"wp","href":"https:\/\/api.w.org\/{rel}","templated":true}]}}