{"id":18541,"date":"2021-04-27T12:11:32","date_gmt":"2021-04-27T15:11:32","guid":{"rendered":"https:\/\/blogs2.correiobraziliense.com.br\/vicente\/?p=18541"},"modified":"2021-04-27T19:17:44","modified_gmt":"2021-04-27T22:17:44","slug":"paulo-guedes-demite-waldery-rodrigues-da-secretaria-especial-da-fazenda","status":"publish","type":"post","link":"https:\/\/blogs2.correiobraziliense.com.br\/vicente\/paulo-guedes-demite-waldery-rodrigues-da-secretaria-especial-da-fazenda\/","title":{"rendered":"Paulo Guedes demite Waldery Rodrigues da secretaria especial da Fazenda"},"content":{"rendered":"<h2>ROSANA HESSEL E MARINA BARBOSA<\/h2>\n<h2><\/h2>\n<h2><span style=\"font-weight: 400\">O ministro da Economia, Paulo Guedes, demitiu o secret\u00e1rio especial da Fazenda, Waldery Rodrigues. A demiss\u00e3o foi confirmada nesta ter\u00e7a-feira (27\/04) e ocorre em meio aos impasses do Or\u00e7amento de 2021, que ainda n\u00e3o foram totalmente resolvidos ap\u00f3s a san\u00e7\u00e3o da pe\u00e7a or\u00e7ament\u00e1ria na semana passada.\u00a0<\/span><\/h2>\n<p>&nbsp;<\/p>\n<p><span style=\"font-weight: 400\">Fontes do governo informam que, depois do desgaste que o Posto Ipiranga teve ao manter Waldery no cargo quando o presidente Jair Bolsonaro pediu a cabe\u00e7a do bra\u00e7o direito de Guedes, o ministro n\u00e3o conseguiu mais mant\u00ea-lo no posto, pois \u201ccansou do auxiliar\u201d.\u00a0<\/span><span style=\"font-weight: 400\">\u201cFoi muito desgaste. O ministro cansou\u201d, disse uma fonte da Esplanada.<\/span><\/p>\n<p>&nbsp;<\/p>\n<p><span style=\"font-weight: 400\">Para o lugar de Waldery no comando da Fazenda est\u00e3o sendo cogitados dois nomes: do secret\u00e1rio do Tesouro Nacional, Bruno Funchal, e o de <\/span><span style=\"font-weight: 400\">Jeferson Bittencourt, assessor especial de Guedes. Funchal assumiu o Tesouro em julho de 2020, ap\u00f3s a sa\u00edda de Mansueto Almeida, que foi considerado como a maior perda para o governo, por especialistas, porque era o maior defensor da austeridade fiscal.\u00a0\u00a0<\/span><\/p>\n<p>&nbsp;<\/p>\n<p>Bittencourt poder\u00e1 assumir o lugar de Funchal no Tesouro Nacional. O secret\u00e1rio de Or\u00e7amento, George Soares, tamb\u00e9m dever\u00e1 deixar o cargo e, para o seu lugar, est\u00e1 sendo cotado o Ariosto Antunes Culau, que j\u00e1 fez parte da secretaria-executiva da pasta. Em 2016, ele teve o nome barrado pelos representantes da sociedade civil, donos de metade dos assentos do Conselho Curador para integrar o conselho do FI-FGTS.<\/p>\n<p>&nbsp;<\/p>\n<p><span style=\"font-weight: 400\">No ano passado, chefe da Fazenda foi amea\u00e7ado com um cart\u00e3o vermelho depois que vazou para a imprensa a ideia de congelar aposentadorias para bancar o Renda Brasil. E, recentemente, voltou para o foco por conta do imbr\u00f3glio do Or\u00e7amento.<\/span><\/p>\n<p>&nbsp;<\/p>\n<p><span style=\"font-weight: 400\">Waldery \u00e9 um dos grandes defensores do ajuste fiscal, mas apenas no discurso, porque n\u00e3o fez o que tinha que ser feito durante a vota\u00e7\u00e3o do Or\u00e7amento e, por conta disso, vinha perdendo credibilidade junto aos agentes financeiros. Ele demonstrava que era favor\u00e1vel ao ajuste da pe\u00e7a or\u00e7ament\u00e1ria, que sofreu uma s\u00e9rie de cortes, inclusive, em gastos obrigat\u00f3rios, para poder abarcar as emendas parlamentares acertadas entre o presidente Jair Bolsonaro e o Centr\u00e3o.<\/span><\/p>\n<p>&nbsp;<\/p>\n<p>Vale lembrar que o Or\u00e7amento de 2021 foi aprovado pelo Congresso sem que o valor do sal\u00e1rio m\u00ednimo de R$ 1.100 fosse atualizado, e isso tamb\u00e9m ajudou para que as despesas ficassem subdimensionadas e a pe\u00e7a or\u00e7ament\u00e1ria se tornasse inexequ\u00edvel.<\/p>\n<p>&nbsp;<\/p>\n<p><span style=\"font-weight: 400\">Al\u00e9m do secret\u00e1rio especial da Fazenda, tamb\u00e9m est\u00e1 de sa\u00edda da equipe econ\u00f4mica a assessora especial Vanessa Canado, que vinha trabalhando na proposta de reforma tribut\u00e1ria do governo. Ela, inclusive, trabalhou com o economista Bernard Appy na elabora\u00e7\u00e3o da proposta de reforma que foi adotada pela C\u00e2mara dos Deputados, a PEC 45. Por isso, o time liberal do ministro Paulo Guedes fica ainda mais reduzido na Esplanada dos Minist\u00e9rios e os grandes nomes iniciais do chamado \u201cdream team\u201d evaporaram-se.<\/span><\/p>\n<p>&nbsp;<\/p>\n<p>Martha Seillier, secret\u00e1ria Especial da Secretaria do Programa de Parcerias de Investimentos (PPI), estaria de sa\u00edda rumo ao Banco Interamericano de Desenvolvimento (BID), de acordo com fontes da pasta. Outra baixa na equipe confirmada por fontes \u00e9 a sa\u00edda da secret\u00e1ria especial adjunta, Yana Dumaresq Sobral Alves.<\/p>\n<p>&nbsp;<\/p>\n<p><span style=\"font-weight: 400\">Desde o ano passado, o ministro Paulo Guedes vem sofrendo uma s\u00e9rie de baixas. Neste ano, por exemplo, j\u00e1 sa\u00edram da equipe econ\u00f4mica o ex-secret\u00e1rio de Desenvolvimento e Gest\u00e3o de Pessoas, Wagner Lenhart; o ex-presidente do Banco do Brasil, Andr\u00e9 Brand\u00e3o; e o ex-presidente da Petrobras, Roberto Castello Branco. J\u00e1 no ano passado, deixaram o governo os ex-secret\u00e1rios Mansueto Almeida (Tesouro Nacional), Salim Mattar (Desestatiza\u00e7\u00e3o e Privatiza\u00e7\u00e3o), Paulo Uebel (Desburocratiza\u00e7\u00e3o), em um movimento de insatisfa\u00e7\u00e3o com o ritmo das reformas econ\u00f4micas que Paulo Guedes chamou de \u201cdebandada\u201d.<\/span><\/p>\n<p>&nbsp;<\/p>\n","protected":false},"excerpt":{"rendered":"<p>ROSANA HESSEL E MARINA BARBOSA O ministro da Economia, Paulo Guedes, demitiu o secret\u00e1rio especial da Fazenda, Waldery Rodrigues. A demiss\u00e3o foi confirmada nesta ter\u00e7a-feira (27\/04) e ocorre em meio aos impasses do Or\u00e7amento de 2021, que ainda n\u00e3o foram totalmente resolvidos ap\u00f3s a san\u00e7\u00e3o da pe\u00e7a or\u00e7ament\u00e1ria na semana passada.\u00a0 &nbsp; Fontes do governo [&hellip;]<\/p>\n","protected":false},"author":22,"featured_media":15853,"comment_status":"open","ping_status":"closed","sticky":false,"template":"","format":"standard","meta":{"wpb_read_more":[],"footnotes":""},"categories":[600],"tags":[4758,22,1012,567,3666,3613,4147],"class_list":["post-18541","post","type-post","status-publish","format-standard","has-post-thumbnail","hentry","category-economia","tag-debandada","tag-demissao","tag-esplanada-dos-ministerios","tag-fazenda","tag-ministerio-da-economia","tag-paulo-guedes","tag-waldery-rodrigues"],"_links":{"self":[{"href":"https:\/\/blogs2.correiobraziliense.com.br\/vicente\/wp-json\/wp\/v2\/posts\/18541","targetHints":{"allow":["GET"]}}],"collection":[{"href":"https:\/\/blogs2.correiobraziliense.com.br\/vicente\/wp-json\/wp\/v2\/posts"}],"about":[{"href":"https:\/\/blogs2.correiobraziliense.com.br\/vicente\/wp-json\/wp\/v2\/types\/post"}],"author":[{"embeddable":true,"href":"https:\/\/blogs2.correiobraziliense.com.br\/vicente\/wp-json\/wp\/v2\/users\/22"}],"replies":[{"embeddable":true,"href":"https:\/\/blogs2.correiobraziliense.com.br\/vicente\/wp-json\/wp\/v2\/comments?post=18541"}],"version-history":[{"count":25,"href":"https:\/\/blogs2.correiobraziliense.com.br\/vicente\/wp-json\/wp\/v2\/posts\/18541\/revisions"}],"predecessor-version":[{"id":18575,"href":"https:\/\/blogs2.correiobraziliense.com.br\/vicente\/wp-json\/wp\/v2\/posts\/18541\/revisions\/18575"}],"wp:featuredmedia":[{"embeddable":true,"href":"https:\/\/blogs2.correiobraziliense.com.br\/vicente\/wp-json\/wp\/v2\/media\/15853"}],"wp:attachment":[{"href":"https:\/\/blogs2.correiobraziliense.com.br\/vicente\/wp-json\/wp\/v2\/media?parent=18541"}],"wp:term":[{"taxonomy":"category","embeddable":true,"href":"https:\/\/blogs2.correiobraziliense.com.br\/vicente\/wp-json\/wp\/v2\/categories?post=18541"},{"taxonomy":"post_tag","embeddable":true,"href":"https:\/\/blogs2.correiobraziliense.com.br\/vicente\/wp-json\/wp\/v2\/tags?post=18541"}],"curies":[{"name":"wp","href":"https:\/\/api.w.org\/{rel}","templated":true}]}}