{"id":186,"date":"2015-09-05T12:51:00","date_gmt":"2015-09-05T15:51:00","guid":{"rendered":"https:\/\/blogs2.correiobraziliense.com.br\/vicente\/amor_profundo\/"},"modified":"2015-09-05T12:51:00","modified_gmt":"2015-09-05T15:51:00","slug":"amor_profundo","status":"publish","type":"post","link":"https:\/\/blogs2.correiobraziliense.com.br\/vicente\/amor_profundo\/","title":{"rendered":"AMOR PROFUNDO"},"content":{"rendered":"<p>\u00bb Os poucos eleitos por Dilma Rousseff que circulam pelo Pal\u00e1cio da Alvorada garantem que a rela\u00e7\u00e3o entre a presidente e Aloizio Mercadante \u00e9 mais profunda do que muitos imaginam.   <\/p>\n<div>\n<\/div>\n<div>\n<\/div>\n<div><i>Bras\u00edlia, 12h53min<\/i><\/div>\n","protected":false},"excerpt":{"rendered":"<p>\u00bb Os poucos eleitos por Dilma Rousseff que circulam pelo Pal\u00e1cio da Alvorada garantem que a rela\u00e7\u00e3o entre a presidente e Aloizio Mercadante \u00e9 mais profunda do que muitos imaginam. Bras\u00edlia, 12h53min<\/p>\n","protected":false},"author":22,"featured_media":0,"comment_status":"open","ping_status":"open","sticky":false,"template":"","format":"standard","meta":{"wpb_read_more":[],"footnotes":""},"categories":[1],"tags":[],"class_list":["post-186","post","type-post","status-publish","format-standard","hentry","category-sem-categoria"],"_links":{"self":[{"href":"https:\/\/blogs2.correiobraziliense.com.br\/vicente\/wp-json\/wp\/v2\/posts\/186","targetHints":{"allow":["GET"]}}],"collection":[{"href":"https:\/\/blogs2.correiobraziliense.com.br\/vicente\/wp-json\/wp\/v2\/posts"}],"about":[{"href":"https:\/\/blogs2.correiobraziliense.com.br\/vicente\/wp-json\/wp\/v2\/types\/post"}],"author":[{"embeddable":true,"href":"https:\/\/blogs2.correiobraziliense.com.br\/vicente\/wp-json\/wp\/v2\/users\/22"}],"replies":[{"embeddable":true,"href":"https:\/\/blogs2.correiobraziliense.com.br\/vicente\/wp-json\/wp\/v2\/comments?post=186"}],"version-history":[{"count":0,"href":"https:\/\/blogs2.correiobraziliense.com.br\/vicente\/wp-json\/wp\/v2\/posts\/186\/revisions"}],"wp:attachment":[{"href":"https:\/\/blogs2.correiobraziliense.com.br\/vicente\/wp-json\/wp\/v2\/media?parent=186"}],"wp:term":[{"taxonomy":"category","embeddable":true,"href":"https:\/\/blogs2.correiobraziliense.com.br\/vicente\/wp-json\/wp\/v2\/categories?post=186"},{"taxonomy":"post_tag","embeddable":true,"href":"https:\/\/blogs2.correiobraziliense.com.br\/vicente\/wp-json\/wp\/v2\/tags?post=186"}],"curies":[{"name":"wp","href":"https:\/\/api.w.org\/{rel}","templated":true}]}}