{"id":18602,"date":"2021-04-29T15:41:38","date_gmt":"2021-04-29T18:41:38","guid":{"rendered":"https:\/\/blogs2.correiobraziliense.com.br\/vicente\/?p=18602"},"modified":"2021-04-29T16:12:14","modified_gmt":"2021-04-29T19:12:14","slug":"waldery-rodrigues-perde-cargo-de-secretario-da-fazenda-mas-mantem-vaga-em-conselho-do-banco-do-brasil","status":"publish","type":"post","link":"https:\/\/blogs2.correiobraziliense.com.br\/vicente\/waldery-rodrigues-perde-cargo-de-secretario-da-fazenda-mas-mantem-vaga-em-conselho-do-banco-do-brasil\/","title":{"rendered":"Waldery Rodrigues perde cargo de secret\u00e1rio da Fazenda, mas mant\u00e9m vaga em conselho do Banco do Brasil"},"content":{"rendered":"<h2>Waldery Rodrigues, agora ex-secret\u00e1rio de Fazenda do Minist\u00e9rio da Economia, foi rebaixado na equipe de Paulo Guedes \u2014 ser\u00e1 assessor especial do ministro \u2014, mas garantiu complemento do sal\u00e1rio ao ser reeleito para o Conselho de Administra\u00e7\u00e3o do Banco do Brasil.<\/h2>\n<p>&nbsp;<\/p>\n<p>A elei\u00e7\u00e3o dos novos integrantes do Conselho de Administra\u00e7\u00e3o do Banco do Brasil ocorreu na quarta-feira (28\/04). Al\u00e9m de Waldery, dois outros membros foram reeleitos:\u00a0\u00a0D\u00e9bora Cristina Fonseca, indicada pelos empregados da institui\u00e7\u00e3o, e\u00a0Paulo Roberto Evangelista, representante dos acionistas minorit\u00e1rios.<\/p>\n<p>&nbsp;<\/p>\n<p>Com o novo Conselho, o Banco do Brasil espera dar uma guinada em rela\u00e7\u00e3o \u00e0s diretrizes que vinham prevalecendo desde o in\u00edcio do governo de Jair Bolsonaro. O BB deixa de ter um olhar totalmente de mercado e passa a tamb\u00e9m focar em pol\u00edticas de governo.<\/p>\n<p>&nbsp;<\/p>\n<p>Esse novo modelo, que inclui um vi\u00e9s social, foi fechado entre o Pal\u00e1cio do Planalto e o novo presidente do Banco do Brasil,\u00a0Fausto de Andrade Ribeiro. De agora em diante, a palavra privatiza\u00e7\u00e3o est\u00e1, por enquanto, riscada do dicion\u00e1rio do BB.<\/p>\n<p>&nbsp;<\/p>\n<p>Veja a lista dos novos conselheiros do Banco do Brasil:<\/p>\n<p>&nbsp;<\/p>\n<p>Indicados pelo governo, acionista controlador:\u00a0Aramis S\u00e1 de Andrade,\u00a0Fausto de Andrade Ribeiro,\u00a0I\u00eada Aparecida de Moura Cagni,\u00a0Waldery Rodrigues J\u00fanior e\u00a0Walter Eust\u00e1quio Ribeiro.<\/p>\n<p>&nbsp;<\/p>\n<p>Indicada pelos funcion\u00e1rios do BB:\u00a0D\u00e9bora Cristina Fonseca.<\/p>\n<p>Indicados pelos acionistas minorit\u00e1rios:\u00a0Paulo Roberto Evangelista e\u00a0Rachel de Oliveira Maia.<\/p>\n<p>&nbsp;<\/p>\n<p>Integrantes do\u00a0Conselho Fiscal (mandato 2021\/2023):\u00a0Lucas Pedreira do Couto Ferraz, sem suplente;\u00a0Rafael Cavalcanti de Ara\u00fajo, como titular,\u00a0Lena Oliveira de Carvalho, como<br \/>\nsuplente; Samuel Yoshiaki Oliveira Kinoshita, sem indica\u00e7\u00e3o de suplente;\u00a0Alo\u00edsio Mac\u00e1rio Ferreira de Souza, como titular, e Tiago Brasil Rocha, como suplente; e Carlos Alberto Rechelo Neto, como titular, e Sueli Berselli Marinho, como suplente.<\/p>\n<p>&nbsp;<\/p>\n<p><em>Bras\u00edlia, 15h41min<\/em><\/p>\n","protected":false},"excerpt":{"rendered":"<p>Waldery Rodrigues, agora ex-secret\u00e1rio de Fazenda do Minist\u00e9rio da Economia, foi rebaixado na equipe de Paulo Guedes \u2014 ser\u00e1 assessor especial do ministro \u2014, mas garantiu complemento do sal\u00e1rio ao ser reeleito para o Conselho de Administra\u00e7\u00e3o do Banco do Brasil. &nbsp; A elei\u00e7\u00e3o dos novos integrantes do Conselho de Administra\u00e7\u00e3o do Banco do Brasil [&hellip;]<\/p>\n","protected":false},"author":22,"featured_media":11442,"comment_status":"open","ping_status":"closed","sticky":false,"template":"","format":"standard","meta":{"wpb_read_more":[],"footnotes":""},"categories":[600],"tags":[589,4943,5424,2787,5423],"class_list":["post-18602","post","type-post","status-publish","format-standard","has-post-thumbnail","hentry","category-economia","tag-economia","tag-financas","tag-mas-mantem-vaga-em-conselho-do-banco-do-brasil","tag-politica","tag-waldery-rodrigues-perde-cargo-de-secretario-da-fazenda"],"_links":{"self":[{"href":"https:\/\/blogs2.correiobraziliense.com.br\/vicente\/wp-json\/wp\/v2\/posts\/18602","targetHints":{"allow":["GET"]}}],"collection":[{"href":"https:\/\/blogs2.correiobraziliense.com.br\/vicente\/wp-json\/wp\/v2\/posts"}],"about":[{"href":"https:\/\/blogs2.correiobraziliense.com.br\/vicente\/wp-json\/wp\/v2\/types\/post"}],"author":[{"embeddable":true,"href":"https:\/\/blogs2.correiobraziliense.com.br\/vicente\/wp-json\/wp\/v2\/users\/22"}],"replies":[{"embeddable":true,"href":"https:\/\/blogs2.correiobraziliense.com.br\/vicente\/wp-json\/wp\/v2\/comments?post=18602"}],"version-history":[{"count":1,"href":"https:\/\/blogs2.correiobraziliense.com.br\/vicente\/wp-json\/wp\/v2\/posts\/18602\/revisions"}],"predecessor-version":[{"id":18603,"href":"https:\/\/blogs2.correiobraziliense.com.br\/vicente\/wp-json\/wp\/v2\/posts\/18602\/revisions\/18603"}],"wp:featuredmedia":[{"embeddable":true,"href":"https:\/\/blogs2.correiobraziliense.com.br\/vicente\/wp-json\/wp\/v2\/media\/11442"}],"wp:attachment":[{"href":"https:\/\/blogs2.correiobraziliense.com.br\/vicente\/wp-json\/wp\/v2\/media?parent=18602"}],"wp:term":[{"taxonomy":"category","embeddable":true,"href":"https:\/\/blogs2.correiobraziliense.com.br\/vicente\/wp-json\/wp\/v2\/categories?post=18602"},{"taxonomy":"post_tag","embeddable":true,"href":"https:\/\/blogs2.correiobraziliense.com.br\/vicente\/wp-json\/wp\/v2\/tags?post=18602"}],"curies":[{"name":"wp","href":"https:\/\/api.w.org\/{rel}","templated":true}]}}