{"id":1863,"date":"2016-07-07T17:30:44","date_gmt":"2016-07-07T20:30:44","guid":{"rendered":"https:\/\/blogs2.correiobraziliense.com.br\/vicente\/?p=1863"},"modified":"2016-07-08T09:27:09","modified_gmt":"2016-07-08T12:27:09","slug":"governo-anuncia-revisao-de-aposentadorias-por-invalidez-e-restricoes-no-auxilio-doenca","status":"publish","type":"post","link":"https:\/\/blogs2.correiobraziliense.com.br\/vicente\/governo-anuncia-revisao-de-aposentadorias-por-invalidez-e-restricoes-no-auxilio-doenca\/","title":{"rendered":"Governo anuncia revis\u00e3o de aposentadorias por invalidez e restri\u00e7\u00f5es no aux\u00edlio-doen\u00e7a"},"content":{"rendered":"<p>POR ROSANA HESSEL<\/p>\n<p>&nbsp;<\/p>\n<p>O governo vai tornar mais r\u00edgidas as aposentadorias por invalidez e fazer um pente fino dos aux\u00edlios-doen\u00e7a. Tamb\u00e9m ser\u00e1 permitido que servidores de estados e munic\u00edpios possam aderir ao Funpresp, o fundo de pens\u00e3o do funcionalismo federal. A meta \u00e9 reduzir o rombo da Previd\u00eancia e, por tabela, conter o deficit das contas p\u00fablicas. A previs\u00e3o \u00e9 de uma economia de R$ 6,3 bilh\u00f5es ao longo de dois anos. O governo tamb\u00e9m revisar\u00e1 benef\u00edcios de presta\u00e7\u00e3o continuada (BPS), pagos a idosos ou pessoas com defici\u00eancia de baixa renda.<\/p>\n<p>&nbsp;<\/p>\n<p>Segundo a Casa Civil, no caso dos aux\u00edlios-doen\u00e7a, a meta \u00e9 revisar 840 mil benef\u00edcios concedidos h\u00e1 mais de dois anos. Boa parte desses aux\u00edlios, que custam quase R$ 1 bilh\u00e3o por m\u00eas, foi concedida por meio de decis\u00f5es judiciais. Em rela\u00e7\u00e3o \u00e0s aposentadorias por invalidez, o objetivo \u00e9 fazer uma grande triagem. A Previd\u00eancia informa que 3 milh\u00f5es de benef\u00edcios concedidos h\u00e1 mais de 2 anos nunca foram revisadas. Isso, mesmo custando R$ 3,6 milh\u00f5es por m\u00eas.<\/p>\n<p>&nbsp;<\/p>\n<p>A Medida Provis\u00f3ria proposta pela Casa Civil prev\u00ea um prazo de 120 dias para a suspens\u00e3o dos aux\u00edlios-doen\u00e7a que tenham sido concedidos sem fixa\u00e7\u00e3o de data da incapacidade. A medida valer\u00e1 inclusive para benef\u00edcios concedidos judicialmente.<\/p>\n<p>&nbsp;<\/p>\n<p><em>Bras\u00edlia, 17h30min<\/em><\/p>\n","protected":false},"excerpt":{"rendered":"<p>POR ROSANA HESSEL &nbsp; O governo vai tornar mais r\u00edgidas as aposentadorias por invalidez e fazer um pente fino dos aux\u00edlios-doen\u00e7a. Tamb\u00e9m ser\u00e1 permitido que servidores de estados e munic\u00edpios possam aderir ao Funpresp, o fundo de pens\u00e3o do funcionalismo federal. A meta \u00e9 reduzir o rombo da Previd\u00eancia e, por tabela, conter o deficit [&hellip;]<\/p>\n","protected":false},"author":22,"featured_media":0,"comment_status":"open","ping_status":"closed","sticky":false,"template":"","format":"standard","meta":{"wpb_read_more":[],"footnotes":""},"categories":[600,1],"tags":[],"class_list":["post-1863","post","type-post","status-publish","format-standard","hentry","category-economia","category-sem-categoria"],"_links":{"self":[{"href":"https:\/\/blogs2.correiobraziliense.com.br\/vicente\/wp-json\/wp\/v2\/posts\/1863","targetHints":{"allow":["GET"]}}],"collection":[{"href":"https:\/\/blogs2.correiobraziliense.com.br\/vicente\/wp-json\/wp\/v2\/posts"}],"about":[{"href":"https:\/\/blogs2.correiobraziliense.com.br\/vicente\/wp-json\/wp\/v2\/types\/post"}],"author":[{"embeddable":true,"href":"https:\/\/blogs2.correiobraziliense.com.br\/vicente\/wp-json\/wp\/v2\/users\/22"}],"replies":[{"embeddable":true,"href":"https:\/\/blogs2.correiobraziliense.com.br\/vicente\/wp-json\/wp\/v2\/comments?post=1863"}],"version-history":[{"count":8,"href":"https:\/\/blogs2.correiobraziliense.com.br\/vicente\/wp-json\/wp\/v2\/posts\/1863\/revisions"}],"predecessor-version":[{"id":1871,"href":"https:\/\/blogs2.correiobraziliense.com.br\/vicente\/wp-json\/wp\/v2\/posts\/1863\/revisions\/1871"}],"wp:attachment":[{"href":"https:\/\/blogs2.correiobraziliense.com.br\/vicente\/wp-json\/wp\/v2\/media?parent=1863"}],"wp:term":[{"taxonomy":"category","embeddable":true,"href":"https:\/\/blogs2.correiobraziliense.com.br\/vicente\/wp-json\/wp\/v2\/categories?post=1863"},{"taxonomy":"post_tag","embeddable":true,"href":"https:\/\/blogs2.correiobraziliense.com.br\/vicente\/wp-json\/wp\/v2\/tags?post=1863"}],"curies":[{"name":"wp","href":"https:\/\/api.w.org\/{rel}","templated":true}]}}