{"id":18660,"date":"2021-05-04T11:45:06","date_gmt":"2021-05-04T14:45:06","guid":{"rendered":"https:\/\/blogs2.correiobraziliense.com.br\/vicente\/?p=18660"},"modified":"2021-05-04T12:20:42","modified_gmt":"2021-05-04T15:20:42","slug":"braga-netto-vai-entrar-na-campanha-de-reforco-da-vacinacao-contra-a-covid","status":"publish","type":"post","link":"https:\/\/blogs2.correiobraziliense.com.br\/vicente\/braga-netto-vai-entrar-na-campanha-de-reforco-da-vacinacao-contra-a-covid\/","title":{"rendered":"Braga Netto vai entrar na campanha de refor\u00e7o da vacina\u00e7\u00e3o contra a covid"},"content":{"rendered":"<h2>O ministro da Defesa, general Braga Netto, decidiu se engajar na campanha pela vacina\u00e7\u00e3o contra o novo coronav\u00edrus. Ele participar\u00e1 de um evento na noite de quarta-feira (05\/05) ao lado do ministro da Sa\u00fade, Marcelo Queiroga, na Pra\u00e7a dos Cristais, no Setor Militar Urbano, onde foi instalado um posto de atendimento drive-thru operado por militares.<\/h2>\n<p>&nbsp;<\/p>\n<p>O discurso de Braga Netto est\u00e1 sendo preparado para mostrar o quanto o governo est\u00e1 comprometido em vacinar toda a popula\u00e7\u00e3o adulta at\u00e9 o fim do ano, como vem pregando o ministro da Sa\u00fade, mesmo com todas as dificuldades enfrentadas pelo pa\u00eds para disponibilizar os imunizantes.<\/p>\n<p>&nbsp;<\/p>\n<p>O engajamento de Braga Netto na campanha da vacina\u00e7\u00e3o \u2014 o evento contar\u00e1 at\u00e9 com a Z\u00e9 Gotinha \u2014 \u00e9 importante, devido ao mau exemplo dado at\u00e9 agora pelo presidente Jair Bolsonaro, que, aos 66 anos, j\u00e1 poderia ter se vacinado, mas insiste com seu negacionismo, dando um mau exemplo \u00e0 popula\u00e7\u00e3o.<\/p>\n<p>&nbsp;<\/p>\n<p>Vale lembrar que um dos generais que ocupam cargo no Pal\u00e1cio do Planalto, o ministro da Casa Civil, Luiz Eduardo Ramos, foi pego numa transmiss\u00e3o do Minist\u00e9rio da Sa\u00fade dizendo que havia se vacinado escondido, indicando que n\u00e3o queria confronto com o chefe Bolsonaro. &#8220;Quero viver, p\u00f4!&#8221;, justificou ele.<\/p>\n<p>&nbsp;<\/p>\n<p>Por causa das resist\u00eancias do Pal\u00e1cio do Planalto em montar um amplo programa de imuniza\u00e7\u00e3o contra a covid-19, o Brasil conseguiu, at\u00e9 agora, aplicar a primeira dose da vacina em apenas 15% da popula\u00e7\u00e3o adulta. \u00c9 muito pouco num pa\u00eds que registrou mais de 400 mil mortes pela doen\u00e7a.<\/p>\n<p>&nbsp;<\/p>\n<p><em>Bras\u00edlia, 11h45min<\/em><\/p>\n","protected":false},"excerpt":{"rendered":"<p>O ministro da Defesa, general Braga Netto, decidiu se engajar na campanha pela vacina\u00e7\u00e3o contra o novo coronav\u00edrus. Ele participar\u00e1 de um evento na noite de quarta-feira (05\/05) ao lado do ministro da Sa\u00fade, Marcelo Queiroga, na Pra\u00e7a dos Cristais, no Setor Militar Urbano, onde foi instalado um posto de atendimento drive-thru operado por militares. [&hellip;]<\/p>\n","protected":false},"author":22,"featured_media":18661,"comment_status":"open","ping_status":"closed","sticky":false,"template":"","format":"standard","meta":{"wpb_read_more":[],"footnotes":""},"categories":[600],"tags":[5435,926,769,2526,579],"class_list":["post-18660","post","type-post","status-publish","format-standard","has-post-thumbnail","hentry","category-economia","tag-braga-netto-vai-entrar-na-campanha-de-reforco-da-vacinacao-contra-a-covid","tag-brasilia","tag-militares","tag-poder","tag-saude"],"_links":{"self":[{"href":"https:\/\/blogs2.correiobraziliense.com.br\/vicente\/wp-json\/wp\/v2\/posts\/18660","targetHints":{"allow":["GET"]}}],"collection":[{"href":"https:\/\/blogs2.correiobraziliense.com.br\/vicente\/wp-json\/wp\/v2\/posts"}],"about":[{"href":"https:\/\/blogs2.correiobraziliense.com.br\/vicente\/wp-json\/wp\/v2\/types\/post"}],"author":[{"embeddable":true,"href":"https:\/\/blogs2.correiobraziliense.com.br\/vicente\/wp-json\/wp\/v2\/users\/22"}],"replies":[{"embeddable":true,"href":"https:\/\/blogs2.correiobraziliense.com.br\/vicente\/wp-json\/wp\/v2\/comments?post=18660"}],"version-history":[{"count":1,"href":"https:\/\/blogs2.correiobraziliense.com.br\/vicente\/wp-json\/wp\/v2\/posts\/18660\/revisions"}],"predecessor-version":[{"id":18662,"href":"https:\/\/blogs2.correiobraziliense.com.br\/vicente\/wp-json\/wp\/v2\/posts\/18660\/revisions\/18662"}],"wp:featuredmedia":[{"embeddable":true,"href":"https:\/\/blogs2.correiobraziliense.com.br\/vicente\/wp-json\/wp\/v2\/media\/18661"}],"wp:attachment":[{"href":"https:\/\/blogs2.correiobraziliense.com.br\/vicente\/wp-json\/wp\/v2\/media?parent=18660"}],"wp:term":[{"taxonomy":"category","embeddable":true,"href":"https:\/\/blogs2.correiobraziliense.com.br\/vicente\/wp-json\/wp\/v2\/categories?post=18660"},{"taxonomy":"post_tag","embeddable":true,"href":"https:\/\/blogs2.correiobraziliense.com.br\/vicente\/wp-json\/wp\/v2\/tags?post=18660"}],"curies":[{"name":"wp","href":"https:\/\/api.w.org\/{rel}","templated":true}]}}