{"id":18677,"date":"2021-05-05T16:24:37","date_gmt":"2021-05-05T19:24:37","guid":{"rendered":"https:\/\/blogs2.correiobraziliense.com.br\/vicente\/?p=18677"},"modified":"2021-05-05T18:29:53","modified_gmt":"2021-05-05T21:29:53","slug":"europeus-ameacam-boicote-as-commodities-brasileiras-caso-pl-da-grilagem-seja-aprovado","status":"publish","type":"post","link":"https:\/\/blogs2.correiobraziliense.com.br\/vicente\/europeus-ameacam-boicote-as-commodities-brasileiras-caso-pl-da-grilagem-seja-aprovado\/","title":{"rendered":"Europeus amea\u00e7am boicote \u00e0s commodities brasileiras caso PL da grilagem seja aprovado"},"content":{"rendered":"<p><span style=\"font-weight: 400\">ROSANA HESSEL<\/span><\/p>\n<p>&nbsp;<\/p>\n<p><span style=\"font-weight: 400\">A possibilidade de o presidente da C\u00e2mara dos Deputados, Arthur Lira (PP-AL), colocar na pauta da Casa o projeto de lei da grilagem, o PL 2633\/2020, ainda nesta semana, provocou rea\u00e7\u00f5es internacionais.\u00a0<\/span><span style=\"font-weight: 400\">Grandes fabricantes de alimentos e redes varejistas da Europa, como Tesco,\u00a0Sainsbury e Marks &amp; Spencer, amea\u00e7aram boicotar as commodities agr\u00edcolas brasileiras se houver avan\u00e7os nessa proposta ou na que tramita no Senado.<\/span><\/p>\n<p>&nbsp;<\/p>\n<p><span style=\"font-weight: 400\">Em carta aberta divulgada, nesta quarta-feira (05\/05), 37 entidades europeias alertaram os parlamentares brasileiros que,\u00a0<\/span><span style=\"font-weight: 400\">no caso da aprova\u00e7\u00e3o dos projetos de lei que prejudicam as prote\u00e7\u00f5es hoje existentes para a Amaz\u00f4nia,\u00a0<\/span><span style=\"font-weight: 400\">&#8220;devem reconsiderar o apoio e o uso de\u00a0commodities agr\u00edcolas brasileiras em toda a cadeia de suprimentos&#8221;.\u00a0<\/span><\/p>\n<p>&nbsp;<\/p>\n<p><span style=\"font-weight: 400\">De acordo com a carta, os dois projetos de lei trazem amea\u00e7as &#8220;<\/span>potencialmente ainda maiores para a Amaz\u00f4nia do que antes&#8221; e apontaram contradi\u00e7\u00e3o no discurso do presidente Jair Bolsonaro (sem partido) na C\u00fapula do Clima.\u00a0 &#8220;Essas medidas s\u00e3o contr\u00e1rias \u00e0 narrativa e ret\u00f3rica que vimos\u00a0internacionalmente, do Brasil, recentemente, em 22 de abril de 2021, na c\u00fapula com o presidente dos EUA, Joe Biden&#8221;, acrescentou o documento.<\/p>\n<p>&nbsp;<\/p>\n<p>O presidente da C\u00e2mara pretende submeter a proposta de inclus\u00e3o do PL 2644\/202 na pauta da Casa \u00e0 aprova\u00e7\u00e3o do col\u00e9gio de l\u00edderes.\u00a0 A reuni\u00e3o, normalmente, ocorre \u00e0s quintas-feiras, e, portanto, ainda n\u00e3o h\u00e1 nada definido sobre o assunto, porque a sugest\u00e3o precisar\u00e1 partir de alguma lideran\u00e7a para ser inclu\u00edda na pauta.<\/p>\n<p>&nbsp;<\/p>\n<p><span style=\"font-weight: 400\">No Senado, h\u00e1 um projeto semelhante, o PL 510\/2021, que tamb\u00e9m trata da r<\/span><span style=\"font-weight: 400\">egulariza\u00e7\u00e3o fundi\u00e1ria em \u00e1reas da Uni\u00e3o localizadas na Amaz\u00f4nia Legal e que foram invadidas por grileiros.\u00a0 A mat\u00e9ria foi retirada da pauta do \u00faltimo dia 28, mas continua recebendo emendas de parlamentares.\u00a0<\/span><span style=\"font-weight: 400\">Ontem, mais de 60 bispos da Amaz\u00f4nia enviaram uma carta ao presidente do Senado, Ricardo Pacheco, alertando sobre o<\/span><span style=\"font-weight: 400\">s impactos da do PL 510\/2021 na Amaz\u00f4nia, afirmando que \u201cn\u00e3o h\u00e1 urg\u00eancia ou lacuna legal que justifique o retorno de um PL sobre tema t\u00e3o complexo\u201d.<\/span><\/p>\n<p>&nbsp;<\/p>\n<p><span style=\"font-weight: 400\">Para o Greenpeace Brasil, esse movimento dos varejistas europeus contra a regulariza\u00e7\u00e3o da ocupa\u00e7\u00e3o ilegal de terras na Amaz\u00f4nia Legal pelo Congresso n\u00e3o \u00e9 surpresa. \u201cVemos, com indigna\u00e7\u00e3o, mais uma vez a <\/span><span style=\"font-weight: 400\">pol\u00edtica antiambiental do governo brasileiro amea\u00e7ando a economia do pa\u00eds\u201d, informou a entidade, em nota enviada ao <\/span><b>Blog<\/b><span style=\"font-weight: 400\">.<\/span><\/p>\n<p>&nbsp;<\/p>\n<p><span style=\"font-weight: 400\">\u201cEm um momento em que o Brasil precisa de comida e vacina para sua popula\u00e7\u00e3o, deputados e senadores ruralistas, com apoio e incentivo do Planalto, tentam, a todo custo, aprovar medidas que ir\u00e3o causar mais desmatamento e viol\u00eancia no campo, como PLs que legalizaram a grilagem e fragilizam o licenciamento ambiental. O resultado dessa pol\u00edtica a gente j\u00e1 v\u00ea h\u00e1 dois anos: aumento do desmatamento, das queimadas, e o Brasil se tornando um p\u00e1ria ambiental diante de um mundo que discute o presente e o futuro do planeta e da humanidade\u201d, destacou o documento.\u00a0<\/span><\/p>\n<p>&nbsp;<\/p>\n<p><span style=\"font-weight: 400\">Na avalia\u00e7\u00e3o da ONG, \u00e9 vital que as empresas que operam no pa\u00eds tamb\u00e9m tomem a\u00e7\u00f5es concretas para reverter esta situa\u00e7\u00e3o e atuem para acabar com o desmatamento agora, e n\u00e3o em 2030.\u00a0<\/span><\/p>\n<p>&nbsp;<\/p>\n<p>O presidente tem defendido a regulariza\u00e7\u00e3o fundi\u00e1ria e a legaliza\u00e7\u00e3o da produ\u00e7\u00e3o de commodities em terras ind\u00edgenas, em um claro movimento para atender \u00e0s press\u00f5es da bancada ruralista. Ele, inclusive, tratou desse assunto na live da \u00faltima quinta-feira, quando levou o presidente do Instituto Nacional do \u00cdndio (Funai), Marcelo Xavier da Silva, e aproveitou para criticar os europeus.<\/p>\n<p>&nbsp;<\/p>\n<p><span style=\"font-weight: 400\">O especialista em rela\u00e7\u00f5es internacionais e CEO da BMJ Consultores Associados, Wagner Parente, destacou que a aprova\u00e7\u00e3o do PL da grilagem s\u00f3 contribuir\u00e1 para piorar a imagem do Brasil l\u00e1 fora, uma vez que h\u00e1 um movimento de v\u00e1rios parlamentares europeus condenando as a\u00e7\u00f5es de Bolsonaro no combate \u00e0 pandemia de forma mais contundente do que os parlamentares brasileiros que conduzem a CPI da Pandemia. <\/span><\/p>\n<p>&nbsp;<\/p>\n<p><span style=\"font-weight: 400\">Vale lembrar que, recentemente, Bolsonaro foi chamado de genocida por v\u00e1rios representantes do Parlamento Europeu. \u201cAs cr\u00edticas s\u00e3o generalizadas e n\u00e3o s\u00e3o de apenas um \u00fanico pa\u00eds. O desgaste da imagem j\u00e1 existe na \u00e1rea ambiental e na condu\u00e7\u00e3o da pandemia, e esses PLs contribuem ainda mais para que o acordo entre Mercosul e Uni\u00e3o Europeia continue trancado na gaveta\u201d, alertou Parente.<\/span><\/p>\n<p>&nbsp;<\/p>\n<p><span style=\"font-weight: 400\">Contudo, o especialista lembrou que o projeto da grilagem n\u00e3o \u00e9 apenas de Bolsonaro, mas da bancada ruralista, &#8220;que n\u00e3o tem apenas apoiadores do presidente&#8221;.\u00a0 &#8220;Nesse caso, o \u00f4nus da imagem n\u00e3o \u00e9 apenas do governo&#8221;, afirmou.\u00a0<\/span><\/p>\n<p>&nbsp;<\/p>\n<p>Segue, abaixo, a lista das empresas europeias signat\u00e1rias da carta aberta aos parlamentares:<\/p>\n<p>&nbsp;<\/p>\n<p><em>1\u00a0 Agricultural Industries Confederation (AIC)<\/em><br \/>\n<em>2\u00a0 Ahold Delhaize<\/em><br \/>\n<em>3 ALDI Einkauf SE &amp; Co. oHG<\/em><br \/>\n<em>4 ALDI SOUTH Group <\/em><br \/>\n<em>5 AP7 (Sjunde AP-fonden) <\/em><br \/>\n<em>6 Asda Stores Ltd.<\/em><br \/>\n<em>7 The Big Prawn Company<\/em><br \/>\n<em>8 British Retail Consortium Congregation of Sisters of St. Agnes<\/em><br \/>\n<em>9 Co-op Switzerland <\/em><br \/>\n<em>10 The Co-operative Group<\/em><br \/>\n<em>11 Cranswick plc<\/em><br \/>\n<em>12 Donau Soja<\/em><br \/>\n<em>13 EdenTree Investment Management<\/em><br \/>\n<em>14 Greggs plc<\/em><br \/>\n<em>15 Hilton Food Group<\/em><br \/>\n<em>16 Iceland Foods<\/em><br \/>\n<em>17 KLP Kapitalforvaltning AS<\/em><br \/>\n<em>18 Legal &amp; General Investment Management<\/em><br \/>\n<em>19 Lidl Stiftung<\/em><br \/>\n<em>20 Marks &amp; Spencer<\/em><br \/>\n<em>21 METRO AG <\/em><br \/>\n<em>22 Migros <\/em><br \/>\n<em>23 Moy Park <\/em><br \/>\n<em>24 National Pig Association <\/em><br \/>\n<em>25 New England Seafood International (NESI)<\/em><br \/>\n<em>26 Pilgrim\u2019s UK<\/em><br \/>\n<em>27 ProTerra Foundation <\/em><br \/>\n<em>28 Red Tractor Assurance<\/em><br \/>\n<em>29 Retail Soy Group<\/em><br \/>\n<em>30 J Sainsbury Plc <\/em><br \/>\n<em>31 Skandia <\/em><br \/>\n<em>32 Swedbank Robur Fonder AB <\/em><br \/>\n<em>33 Tesco PLC<\/em><br \/>\n<em>34 Waitrose &amp; Partners<\/em><br \/>\n<em>35 Winterbotham Darby<\/em><br \/>\n<em>36 Wm Morrison Supermarkets Plc <\/em><br \/>\n<em>37 Woolworths Group<\/em><\/p>\n","protected":false},"excerpt":{"rendered":"<p>ROSANA HESSEL &nbsp; A possibilidade de o presidente da C\u00e2mara dos Deputados, Arthur Lira (PP-AL), colocar na pauta da Casa o projeto de lei da grilagem, o PL 2633\/2020, ainda nesta semana, provocou rea\u00e7\u00f5es internacionais.\u00a0Grandes fabricantes de alimentos e redes varejistas da Europa, como Tesco,\u00a0Sainsbury e Marks &amp; Spencer, amea\u00e7aram boicotar as commodities agr\u00edcolas brasileiras [&hellip;]<\/p>\n","protected":false},"author":22,"featured_media":9892,"comment_status":"open","ping_status":"closed","sticky":false,"template":"","format":"standard","meta":{"wpb_read_more":[],"footnotes":""},"categories":[600],"tags":[2636,248,5436,5365,460,5437],"class_list":["post-18677","post","type-post","status-publish","format-standard","has-post-thumbnail","hentry","category-economia","tag-amazonia","tag-boicote","tag-europeus","tag-greenpeace","tag-meio-ambiente","tag-pl-da-grilagem"],"_links":{"self":[{"href":"https:\/\/blogs2.correiobraziliense.com.br\/vicente\/wp-json\/wp\/v2\/posts\/18677","targetHints":{"allow":["GET"]}}],"collection":[{"href":"https:\/\/blogs2.correiobraziliense.com.br\/vicente\/wp-json\/wp\/v2\/posts"}],"about":[{"href":"https:\/\/blogs2.correiobraziliense.com.br\/vicente\/wp-json\/wp\/v2\/types\/post"}],"author":[{"embeddable":true,"href":"https:\/\/blogs2.correiobraziliense.com.br\/vicente\/wp-json\/wp\/v2\/users\/22"}],"replies":[{"embeddable":true,"href":"https:\/\/blogs2.correiobraziliense.com.br\/vicente\/wp-json\/wp\/v2\/comments?post=18677"}],"version-history":[{"count":6,"href":"https:\/\/blogs2.correiobraziliense.com.br\/vicente\/wp-json\/wp\/v2\/posts\/18677\/revisions"}],"predecessor-version":[{"id":18689,"href":"https:\/\/blogs2.correiobraziliense.com.br\/vicente\/wp-json\/wp\/v2\/posts\/18677\/revisions\/18689"}],"wp:featuredmedia":[{"embeddable":true,"href":"https:\/\/blogs2.correiobraziliense.com.br\/vicente\/wp-json\/wp\/v2\/media\/9892"}],"wp:attachment":[{"href":"https:\/\/blogs2.correiobraziliense.com.br\/vicente\/wp-json\/wp\/v2\/media?parent=18677"}],"wp:term":[{"taxonomy":"category","embeddable":true,"href":"https:\/\/blogs2.correiobraziliense.com.br\/vicente\/wp-json\/wp\/v2\/categories?post=18677"},{"taxonomy":"post_tag","embeddable":true,"href":"https:\/\/blogs2.correiobraziliense.com.br\/vicente\/wp-json\/wp\/v2\/tags?post=18677"}],"curies":[{"name":"wp","href":"https:\/\/api.w.org\/{rel}","templated":true}]}}