{"id":187,"date":"2015-09-08T00:01:00","date_gmt":"2015-09-08T03:01:00","guid":{"rendered":"https:\/\/blogs2.correiobraziliense.com.br\/vicente\/medo_do_povo\/"},"modified":"2015-09-08T00:01:00","modified_gmt":"2015-09-08T03:01:00","slug":"medo_do_povo","status":"publish","type":"post","link":"https:\/\/blogs2.correiobraziliense.com.br\/vicente\/medo_do_povo\/","title":{"rendered":"MEDO DO POVO"},"content":{"rendered":"\n<p>O desfile de Sete de Setembro foi emblem\u00e1tico: mostrou o quanto a presidente Dilma Rousseff est\u00e1 isolada. Em vez de uma festa popular, para celebrar uma data t\u00e3o importante para o pa\u00eds, o que se viu ontem foi uma Esplanada dos Minist\u00e9rios restrita a poucos eleitos e a uma claque sem entusiasmo, todos cercados por um muro para evitar constrangimentos \u00e0 petista. Mesmo de longe, por\u00e9m, a chefe do Executivo p\u00f4de ouvir os gritos de protestos. A insatisfa\u00e7\u00e3o popular com o governo \u00e9 latente.&nbsp;A situa\u00e7\u00e3o \u00e9 t\u00e3o complicada que Dilma sequer teve coragem de ir \u00e0 tev\u00ea fazer o tradicional discurso \u00e0 Na\u00e7\u00e3o. Optou por um pronunciamento pela internet, impessoal, no qual assumiu que errou \u2014 e muito \u2014 na gest\u00e3o da economia. A presidente preferiu n\u00e3o passar pelo vexame de mais um panela\u00e7o. Esse distanciamento do distinto p\u00fablico, no entanto, \u00e9 o pior sinal que um chefe de Executivo pode dar ao pa\u00eds. A impress\u00e3o \u00e9 de que se chegou ao fim da linha.&nbsp;Nada do inferno que Dilma est\u00e1 vivendo foi criado pelos inimigos. Muito pelo contr\u00e1rio. Foi ela a \u00fanica respons\u00e1vel. Desde que tomou posse no primeiro mandato, a presidente acreditou que poderia rasgar toda a cartilha econ\u00f4mica que livrou o Brasil da hiperinfla\u00e7\u00e3o e implantar um modelo ultrapassado, em que o Estado daria as cartas. Para isso, n\u00e3o se furtou de trazer de volta a infla\u00e7\u00e3o e destruir as finan\u00e7as do pa\u00eds. Mesmo com todos os alertas, n\u00e3o abriu m\u00e3o de convic\u00e7\u00f5es equivocadas, que, agora, est\u00e3o cobrando um pre\u00e7o elevado, inclusive o risco de ela ser afastada do poder.&nbsp;At\u00e9 entre os poucos aliados que ainda cultiva, a sensa\u00e7\u00e3o \u00e9 de que Dilma n\u00e3o avan\u00e7ar\u00e1 muito mais. O argumento \u00e9 de que n\u00e3o h\u00e1 como uma presidente se manter no cargo com medo de encarar o povo. H\u00e1, entre os eleitores, a percep\u00e7\u00e3o clara de que, a despeito do discurso da petista de que ela est\u00e1 disposta a mudar, nada de efetivo ser\u00e1 feito. O governo perdeu o time e a capacidade de aglutinar for\u00e7as para tirar o pa\u00eds do atoleiro.&nbsp;<b>Recess\u00e3o e d\u00f3lar<\/b>  <\/p>\n<p>\u00bb Para o economista-chefe do Santander, Maur\u00edcio Molan, a ata do Comit\u00ea de Pol\u00edtica Monet\u00e1ria (Copom) que ser\u00e1 divulgada na quinta-feira deve revelar que o Banco Central detectou que o aprofundamento da recess\u00e3o econ\u00f4mica compensou o impacto da alta do d\u00f3lar sobre a infla\u00e7\u00e3o.&nbsp;<b>Din\u00e2mica da infla\u00e7\u00e3o<\/b>  <\/p>\n<p>\u00bb Na vis\u00e3o de Molan, \u00e9 importante que o BC ressalte os riscos \u00e0 din\u00e2mica do custo de vida e reforce o comprometimento com a converg\u00eancia da infla\u00e7\u00e3o para o centro da meta at\u00e9 o fim de 2016. Com isso, acredita o especialista, n\u00e3o haver\u00e1 motivos para se mexer na taxa de juros, de 14,25% ao ano, t\u00e3o cedo.&nbsp;<b>Mais um mito que cai<\/b>  <\/p>\n<p>\u00bb A Confedera\u00e7\u00e3o Nacional da Ind\u00fastria (CNI) analisou as exporta\u00e7\u00f5es industriais das 41 maiores multinacionais brasileiras, nos \u00faltimos anos, e percebeu que a expans\u00e3o das atividades das empresas no exterior gera ganhos \u00e0s exporta\u00e7\u00f5es do pa\u00eds. A conclus\u00e3o, diz a entidade, desmonta um mito dentro do governo de que investimentos no exterior afetam as exporta\u00e7\u00f5es e os empregos nacionais.&nbsp;<b>For\u00e7a para competir<\/b>  <\/p>\n<p>\u00bb Pelas contas da CNI, nos \u00faltimos treze anos, a taxa m\u00e9dia de crescimento das exporta\u00e7\u00f5es das multinacionais brasileiras foi de 12,4%, contra 10,3% da ind\u00fastria de transforma\u00e7\u00e3o. Essa diferen\u00e7a se acentua a partir de 2012, quando as exporta\u00e7\u00f5es da ind\u00fastria de transforma\u00e7\u00e3o ca\u00edram 10,3% e as das m\u00faltis cresceram 0,9%. \u201cA internacionaliza\u00e7\u00e3o favorece as exporta\u00e7\u00f5es, e o investimento no exterior fortalece a posi\u00e7\u00e3o competitiva da empresa no Brasil\u201d, diz Soraya Rosar, da CNI.  <\/p>\n<p>Bras\u00edlia, 00h01min   <\/p>\n","protected":false},"excerpt":{"rendered":"<p>O desfile de Sete de Setembro foi emblem\u00e1tico: mostrou o quanto a presidente Dilma Rousseff est\u00e1 isolada. Em vez de uma festa popular, para celebrar uma data t\u00e3o importante para o pa\u00eds, o que se viu ontem foi uma Esplanada dos Minist\u00e9rios restrita a poucos eleitos e a uma claque sem entusiasmo, todos cercados por [&hellip;]<\/p>\n","protected":false},"author":22,"featured_media":0,"comment_status":"open","ping_status":"open","sticky":false,"template":"","format":"standard","meta":{"wpb_read_more":[],"footnotes":""},"categories":[1],"tags":[],"class_list":["post-187","post","type-post","status-publish","format-standard","hentry","category-sem-categoria"],"_links":{"self":[{"href":"https:\/\/blogs2.correiobraziliense.com.br\/vicente\/wp-json\/wp\/v2\/posts\/187","targetHints":{"allow":["GET"]}}],"collection":[{"href":"https:\/\/blogs2.correiobraziliense.com.br\/vicente\/wp-json\/wp\/v2\/posts"}],"about":[{"href":"https:\/\/blogs2.correiobraziliense.com.br\/vicente\/wp-json\/wp\/v2\/types\/post"}],"author":[{"embeddable":true,"href":"https:\/\/blogs2.correiobraziliense.com.br\/vicente\/wp-json\/wp\/v2\/users\/22"}],"replies":[{"embeddable":true,"href":"https:\/\/blogs2.correiobraziliense.com.br\/vicente\/wp-json\/wp\/v2\/comments?post=187"}],"version-history":[{"count":0,"href":"https:\/\/blogs2.correiobraziliense.com.br\/vicente\/wp-json\/wp\/v2\/posts\/187\/revisions"}],"wp:attachment":[{"href":"https:\/\/blogs2.correiobraziliense.com.br\/vicente\/wp-json\/wp\/v2\/media?parent=187"}],"wp:term":[{"taxonomy":"category","embeddable":true,"href":"https:\/\/blogs2.correiobraziliense.com.br\/vicente\/wp-json\/wp\/v2\/categories?post=187"},{"taxonomy":"post_tag","embeddable":true,"href":"https:\/\/blogs2.correiobraziliense.com.br\/vicente\/wp-json\/wp\/v2\/tags?post=187"}],"curies":[{"name":"wp","href":"https:\/\/api.w.org\/{rel}","templated":true}]}}