{"id":18719,"date":"2021-05-06T14:21:52","date_gmt":"2021-05-06T17:21:52","guid":{"rendered":"https:\/\/blogs2.correiobraziliense.com.br\/vicente\/?p=18719"},"modified":"2021-05-06T14:25:22","modified_gmt":"2021-05-06T17:25:22","slug":"governo-estima-r-200-bilhoes-em-desinvestimentos-desde-2019","status":"publish","type":"post","link":"https:\/\/blogs2.correiobraziliense.com.br\/vicente\/governo-estima-r-200-bilhoes-em-desinvestimentos-desde-2019\/","title":{"rendered":"Governo estima R$ 200 bilh\u00f5es em desinvestimentos desde 2019"},"content":{"rendered":"<p><span style=\"font-weight: 400\">Em quase dois anos e meio de governo, o ministro da Economia, Paulo Guedes, avan\u00e7ou muito pouco no processo de privatiza\u00e7\u00f5es para atingir a promessa feita no dia da posse de que pretendia arrecadar R$ 1 trilh\u00e3o. A venda das principais estatais anda a passos lentos, mas, de acordo com a pasta, foram desinvestidos &#8220;mais de R$ 200 bilh\u00f5es desde janeiro de 2019 at\u00e9 abril deste ano&#8221;.<\/span><\/p>\n<p>&nbsp;<\/p>\n<p><span style=\"font-weight: 400\">Grande parte desse montante \u00e9 referente \u00e0 venda de participa\u00e7\u00f5es da Uni\u00e3o, incluindo os 10 maiores ativos do BNDESPar, do Banco do Brasil, da CaixaPar e da Petrobras. Eles representaram 74% do total de aliena\u00e7\u00f5es realizadas at\u00e9 o momento: R$ 151,4 bilh\u00f5es. A principal venda, entre elas foi da TAG, subsidi\u00e1ria da Petrobras, que arrecadou R$ 33,5 bilh\u00f5es em junho de 2019, de acordo com dados da secretaria especial de Desestatiza\u00e7\u00e3o, Desinvestimento e Mercados da pasta.<\/span><\/p>\n<p>&nbsp;<\/p>\n<p>O governo incluiu na conta as privatiza\u00e7\u00f5es de estatais estaduais, como Casal, CEB, CEEE e Cedae, porque &#8220;teve participa\u00e7\u00e3o relevante&#8221; no processo.\u00a0 Tamb\u00e9m foi inclu\u00edda\u00a0<span style=\"font-weight: 400\">a venda de debentures da Vale, no m\u00eas passado, que rendeu aos cofres p\u00fablicos R$ 11,5 bilh\u00f5es.<\/span><\/p>\n<p>&nbsp;<\/p>\n<p><span style=\"font-weight: 400\"> Enquanto isso, o P<\/span><span style=\"font-weight: 400\">rograma Nacional de Desestatiza\u00e7\u00e3o (PND) tem 15 estatais federais inclu\u00eddas: Codesa, ABGF, Emgea, CBTU de Belo Horizonte, <\/span><span style=\"font-weight: 400\">Trensurb, Ceagesp, CMB, Serpro, Dataprev, Ceitec , Nuclep, Codeba, Eletrobras, Correios e EBC.\u00a0<\/span><\/p>\n<p>&nbsp;<\/p>\n<p><span style=\"font-weight: 400\">De acordo com a secretaria, algumas est\u00e3o em est\u00e1gio avan\u00e7ado e devem ter edital publicado neste ano, como\u00a0 Eletrobras, Correios, Codesa, CBTU (BH) e Trensurb, al\u00e9m da carteira da Emgea&#8221;.<\/span><\/p>\n<p>&nbsp;<\/p>\n<p>&#8220;Quando chegamos, constatamos que o processo de privatiza\u00e7\u00e3o, entre a tomada de decis\u00e3o e o edital efetivamente publicado, demora algo em torno de dois anos. Herdamos um pipeline vazio. Tivemos que construir isso do zero e trabalhar n\u00e3o s\u00f3 para diminuir o estoque de ativos, como tamb\u00e9m para interromper o fluxo de investimentos, que historicamente, ocorriam por maio de recursos p\u00fablico&#8221;, disse o secret\u00e1rio especial de desestatiza\u00e7\u00e3o, Diogo Mac Cord. Ele assumiu o cargo na segunda metade do ano passado, ap\u00f3s o seu antecessor, Salim Mattar, abandonar o governo devido \u00e0 falta de avan\u00e7os no programa.<\/p>\n<p>&nbsp;<\/p>\n<p>Em rela\u00e7\u00e3o \u00e0 liquida\u00e7\u00e3o de estatais dependentes de recursos da Uni\u00e3o, a pasta informou que duas estatais foram extintas no ano passado: Codomar e Casemg, que, &#8220;juntas deram preju\u00edzo superior a R$ 80 bilh\u00f5es, entre 2011 e 2017&#8221;. A Ceitec, conhecida como a empresa do &#8220;chip do boi&#8221;, est\u00e1 em fase de liquida\u00e7\u00e3o porque, &#8220;nos \u00faltimos 10 anos, 90% da receita da empresa era proveniente de subven\u00e7\u00f5es do Tesouro Nacional&#8221;.<\/p>\n<p>&nbsp;<\/p>\n<p>&nbsp;<\/p>\n","protected":false},"excerpt":{"rendered":"<p>Em quase dois anos e meio de governo, o ministro da Economia, Paulo Guedes, avan\u00e7ou muito pouco no processo de privatiza\u00e7\u00f5es para atingir a promessa feita no dia da posse de que pretendia arrecadar R$ 1 trilh\u00e3o. A venda das principais estatais anda a passos lentos, mas, de acordo com a pasta, foram desinvestidos &#8220;mais [&hellip;]<\/p>\n","protected":false},"author":22,"featured_media":17184,"comment_status":"open","ping_status":"closed","sticky":false,"template":"","format":"standard","meta":{"wpb_read_more":[],"footnotes":""},"categories":[600],"tags":[4088,589,5442,540],"class_list":["post-18719","post","type-post","status-publish","format-standard","has-post-thumbnail","hentry","category-economia","tag-desestatizacao","tag-economia","tag-pnd","tag-privatizacao"],"_links":{"self":[{"href":"https:\/\/blogs2.correiobraziliense.com.br\/vicente\/wp-json\/wp\/v2\/posts\/18719","targetHints":{"allow":["GET"]}}],"collection":[{"href":"https:\/\/blogs2.correiobraziliense.com.br\/vicente\/wp-json\/wp\/v2\/posts"}],"about":[{"href":"https:\/\/blogs2.correiobraziliense.com.br\/vicente\/wp-json\/wp\/v2\/types\/post"}],"author":[{"embeddable":true,"href":"https:\/\/blogs2.correiobraziliense.com.br\/vicente\/wp-json\/wp\/v2\/users\/22"}],"replies":[{"embeddable":true,"href":"https:\/\/blogs2.correiobraziliense.com.br\/vicente\/wp-json\/wp\/v2\/comments?post=18719"}],"version-history":[{"count":4,"href":"https:\/\/blogs2.correiobraziliense.com.br\/vicente\/wp-json\/wp\/v2\/posts\/18719\/revisions"}],"predecessor-version":[{"id":18724,"href":"https:\/\/blogs2.correiobraziliense.com.br\/vicente\/wp-json\/wp\/v2\/posts\/18719\/revisions\/18724"}],"wp:featuredmedia":[{"embeddable":true,"href":"https:\/\/blogs2.correiobraziliense.com.br\/vicente\/wp-json\/wp\/v2\/media\/17184"}],"wp:attachment":[{"href":"https:\/\/blogs2.correiobraziliense.com.br\/vicente\/wp-json\/wp\/v2\/media?parent=18719"}],"wp:term":[{"taxonomy":"category","embeddable":true,"href":"https:\/\/blogs2.correiobraziliense.com.br\/vicente\/wp-json\/wp\/v2\/categories?post=18719"},{"taxonomy":"post_tag","embeddable":true,"href":"https:\/\/blogs2.correiobraziliense.com.br\/vicente\/wp-json\/wp\/v2\/tags?post=18719"}],"curies":[{"name":"wp","href":"https:\/\/api.w.org\/{rel}","templated":true}]}}