{"id":1872,"date":"2016-07-07T19:00:08","date_gmt":"2016-07-07T22:00:08","guid":{"rendered":"https:\/\/blogs2.correiobraziliense.com.br\/vicente\/?p=1872"},"modified":"2016-07-08T09:27:08","modified_gmt":"2016-07-08T12:27:08","slug":"meirelles-vence-disputa-e-rombo-das-contas-publicas-em-2017-sera-de-r-139-bilhoes","status":"publish","type":"post","link":"https:\/\/blogs2.correiobraziliense.com.br\/vicente\/meirelles-vence-disputa-e-rombo-das-contas-publicas-em-2017-sera-de-r-139-bilhoes\/","title":{"rendered":"Meirelles vence disputa e rombo das contas p\u00fablicas em 2017 ser\u00e1 de R$ 139 bilh\u00f5es"},"content":{"rendered":"<p>POR ROSANA HESSEL<\/p>\n<p>&nbsp;<\/p>\n<p>O presidente interino, Michel Temer, ouviu os apelos da equipe econ\u00f4mica e sancionou um deficit de R$ 139 bilh\u00f5es para 2017. Com isso, o ministro da Fazenda, Henrique Meirelles, mostra aos investidores real compromisso do governo com o ajuste fiscal. O rombo ser\u00e1, segundo ele, muito menor do que os R$ 170,5 bilh\u00f5es definidos para 2016.<\/p>\n<p>&nbsp;<\/p>\n<p>Havia muitas d\u00favidas sobre a possibilidade de Temer ceder \u00e0s press\u00f5es da ala pol\u00edtica do Pal\u00e1cio do Planalto, que defendia uma folga maior para acomodar outras demandas, como renegocia\u00e7\u00e3o de d\u00edvidas de estados e munic\u00edpios. Tanto o ministro da Casa Civil, Eliseu Padilha, quanto o senador Romero Juc\u00e1, ex-ministro do Planejamento, defendiam um saldo negativo maior, de pelo menos R$ 149 bilh\u00f5es.<\/p>\n<p>&nbsp;<\/p>\n<p><strong>Aumento de impostos<\/strong><\/p>\n<p>&nbsp;<\/p>\n<p>Meirelles mostrou a Temer que, se nada fosse feito, o buraco nas contas do governo chegaria a R$ 194 bilh\u00f5es no ano que vem. O presidente interino se convenceu de que o melhor seria optar por uma meta menor para resgatar a confian\u00e7a. Mas, espertamente, deixou para depois de agosto, quando espera que o Senado j\u00e1 tenha aprovado o impeachment definitivo de Dilma Rousseff, o aumento de impostos, que, segundo t\u00e9cnicos da Fazenda, ser\u00e1 inevit\u00e1vel.<\/p>\n<p>&nbsp;<\/p>\n<p>&#8220;O deficit de R$ 139 bilh\u00f5es representa compromisso muito forte com o ajuste fiscal, teremos redu\u00e7\u00e3o muito importante de despesas, apesar do aumento obrigat\u00f3rio do buraco na Previd\u00eancia Social&#8221;, diz Meirelles. Segundo o ministro interino do Planejamento, Dyogo de Oliveira, o buraco da Previd\u00eancia em 2017 chegar\u00e1 a R$ 183 bilh\u00f5es.<\/p>\n<p>&nbsp;<\/p>\n<p>O deficit total do setor p\u00fablico ser\u00e1 de R$ 143 bilh\u00f5es, sendo R$ 139 bilh\u00f5es do governo central, R$ 1 bilh\u00e3o de estados e munic\u00edpios e R$ 3 bilh\u00f5es das estatais. O governo projeta crescimento de 1,2% do Produto Interno Bruto (PIB) em 2017.<\/p>\n","protected":false},"excerpt":{"rendered":"<p>POR ROSANA HESSEL &nbsp; O presidente interino, Michel Temer, ouviu os apelos da equipe econ\u00f4mica e sancionou um deficit de R$ 139 bilh\u00f5es para 2017. Com isso, o ministro da Fazenda, Henrique Meirelles, mostra aos investidores real compromisso do governo com o ajuste fiscal. O rombo ser\u00e1, segundo ele, muito menor do que os R$ [&hellip;]<\/p>\n","protected":false},"author":22,"featured_media":0,"comment_status":"open","ping_status":"closed","sticky":false,"template":"","format":"standard","meta":{"wpb_read_more":[],"footnotes":""},"categories":[600,1],"tags":[],"class_list":["post-1872","post","type-post","status-publish","format-standard","hentry","category-economia","category-sem-categoria"],"_links":{"self":[{"href":"https:\/\/blogs2.correiobraziliense.com.br\/vicente\/wp-json\/wp\/v2\/posts\/1872","targetHints":{"allow":["GET"]}}],"collection":[{"href":"https:\/\/blogs2.correiobraziliense.com.br\/vicente\/wp-json\/wp\/v2\/posts"}],"about":[{"href":"https:\/\/blogs2.correiobraziliense.com.br\/vicente\/wp-json\/wp\/v2\/types\/post"}],"author":[{"embeddable":true,"href":"https:\/\/blogs2.correiobraziliense.com.br\/vicente\/wp-json\/wp\/v2\/users\/22"}],"replies":[{"embeddable":true,"href":"https:\/\/blogs2.correiobraziliense.com.br\/vicente\/wp-json\/wp\/v2\/comments?post=1872"}],"version-history":[{"count":8,"href":"https:\/\/blogs2.correiobraziliense.com.br\/vicente\/wp-json\/wp\/v2\/posts\/1872\/revisions"}],"predecessor-version":[{"id":1880,"href":"https:\/\/blogs2.correiobraziliense.com.br\/vicente\/wp-json\/wp\/v2\/posts\/1872\/revisions\/1880"}],"wp:attachment":[{"href":"https:\/\/blogs2.correiobraziliense.com.br\/vicente\/wp-json\/wp\/v2\/media?parent=1872"}],"wp:term":[{"taxonomy":"category","embeddable":true,"href":"https:\/\/blogs2.correiobraziliense.com.br\/vicente\/wp-json\/wp\/v2\/categories?post=1872"},{"taxonomy":"post_tag","embeddable":true,"href":"https:\/\/blogs2.correiobraziliense.com.br\/vicente\/wp-json\/wp\/v2\/tags?post=1872"}],"curies":[{"name":"wp","href":"https:\/\/api.w.org\/{rel}","templated":true}]}}