{"id":188,"date":"2015-09-08T10:10:00","date_gmt":"2015-09-08T13:10:00","guid":{"rendered":"https:\/\/blogs2.correiobraziliense.com.br\/vicente\/levy_o_sonhador\/"},"modified":"2015-09-08T10:10:00","modified_gmt":"2015-09-08T13:10:00","slug":"levy_o_sonhador","status":"publish","type":"post","link":"https:\/\/blogs2.correiobraziliense.com.br\/vicente\/levy_o_sonhador\/","title":{"rendered":"LEVY, O SONHADOR"},"content":{"rendered":"<p>&nbsp;Apesar  de ser maltratado pelo Pal\u00e1cio do Planalto e pelo partido da presidente  da Rep\u00fablica, o PT, o ministro da Fazenda, Joaquim Levy, indicou, nos  \u00faltimos tr\u00eas dias, que ainda acredita na sua perman\u00eancia no governo e no  apoio da chefe para evitar o colapso da economia. Tanto na Turquia  quanto na Espanha, ele tentou pregar um discurso otimista de que o  Brasil tem salva\u00e7\u00e3o.&nbsp;Levy  destacou que, em breve, o pa\u00eds dar\u00e1 os primeiros sinais de recupera\u00e7\u00e3o.  A investidores e empres\u00e1rios, reafirmou que o governo n\u00e3o abandonou a  meta de superavit prim\u00e1rio de 0,7% do Produto Interno Bruto (PIB).  Muitos dos que ouviram o ministro reconheceram o esfor\u00e7o que ele fez  para passar verdade no discurso. Mas a sensa\u00e7\u00e3o final foi a de que Levy  mais parece um sonhador que assumiu uma miss\u00e3o imposs\u00edvel \u2014 sobretudo  por encampar uma proposta totalmente impopular, a de se criar um imposto  transit\u00f3rio para cobrir o rombo nas contas p\u00fablicas.&nbsp;Na  avalia\u00e7\u00e3o de empres\u00e1rios e investidores que ouviram Levy, ainda que o  governo consiga aprovar um tributo transit\u00f3rio, o ministro deve se  preparar para carregar um pesado fardo sobre os ombros: o do  rebaixamento do Brasil. Mesmo n\u00e3o tendo feito nada para levar o pa\u00eds \u00e0  bancarrota, \u00e9 ele quem assumir\u00e1 o \u00f4nus da perda do grau de investimento.<i> <\/p>\n<p><\/i><i>Bras\u00edlia, 10h10min<\/i> <\/p>\n","protected":false},"excerpt":{"rendered":"<p>&nbsp;Apesar de ser maltratado pelo Pal\u00e1cio do Planalto e pelo partido da presidente da Rep\u00fablica, o PT, o ministro da Fazenda, Joaquim Levy, indicou, nos \u00faltimos tr\u00eas dias, que ainda acredita na sua perman\u00eancia no governo e no apoio da chefe para evitar o colapso da economia. Tanto na Turquia quanto na Espanha, ele tentou [&hellip;]<\/p>\n","protected":false},"author":22,"featured_media":0,"comment_status":"open","ping_status":"open","sticky":false,"template":"","format":"standard","meta":{"wpb_read_more":[],"footnotes":""},"categories":[1],"tags":[],"class_list":["post-188","post","type-post","status-publish","format-standard","hentry","category-sem-categoria"],"_links":{"self":[{"href":"https:\/\/blogs2.correiobraziliense.com.br\/vicente\/wp-json\/wp\/v2\/posts\/188","targetHints":{"allow":["GET"]}}],"collection":[{"href":"https:\/\/blogs2.correiobraziliense.com.br\/vicente\/wp-json\/wp\/v2\/posts"}],"about":[{"href":"https:\/\/blogs2.correiobraziliense.com.br\/vicente\/wp-json\/wp\/v2\/types\/post"}],"author":[{"embeddable":true,"href":"https:\/\/blogs2.correiobraziliense.com.br\/vicente\/wp-json\/wp\/v2\/users\/22"}],"replies":[{"embeddable":true,"href":"https:\/\/blogs2.correiobraziliense.com.br\/vicente\/wp-json\/wp\/v2\/comments?post=188"}],"version-history":[{"count":0,"href":"https:\/\/blogs2.correiobraziliense.com.br\/vicente\/wp-json\/wp\/v2\/posts\/188\/revisions"}],"wp:attachment":[{"href":"https:\/\/blogs2.correiobraziliense.com.br\/vicente\/wp-json\/wp\/v2\/media?parent=188"}],"wp:term":[{"taxonomy":"category","embeddable":true,"href":"https:\/\/blogs2.correiobraziliense.com.br\/vicente\/wp-json\/wp\/v2\/categories?post=188"},{"taxonomy":"post_tag","embeddable":true,"href":"https:\/\/blogs2.correiobraziliense.com.br\/vicente\/wp-json\/wp\/v2\/tags?post=188"}],"curies":[{"name":"wp","href":"https:\/\/api.w.org\/{rel}","templated":true}]}}