{"id":18811,"date":"2021-05-13T12:10:38","date_gmt":"2021-05-13T15:10:38","guid":{"rendered":"https:\/\/blogs2.correiobraziliense.com.br\/vicente\/?p=18811"},"modified":"2021-05-13T12:10:38","modified_gmt":"2021-05-13T15:10:38","slug":"mb-associados-eleva-de-26-para-32-previsao-de-crescimento-do-pib","status":"publish","type":"post","link":"https:\/\/blogs2.correiobraziliense.com.br\/vicente\/mb-associados-eleva-de-26-para-32-previsao-de-crescimento-do-pib\/","title":{"rendered":"MB Associados eleva de 2,6% para 3,2% previs\u00e3o de crescimento do PIB"},"content":{"rendered":"<p>ROSANA HESSEL<\/p>\n<p>&nbsp;<\/p>\n<p>Apesar do agravamento da pandemia da covid-19 desde mar\u00e7o, os resultados melhores do que o esperado, principalmente, para a\u00a0 ind\u00fastria e do com\u00e9rcio, neste in\u00edcio do ano, tem feito analistas revisarem para cima as proje\u00e7\u00f5es para o crescimento do Produto Interno Bruto (PIB) diante dos dados do primeiro trimestre.<\/p>\n<p>&nbsp;<\/p>\n<p>\u00c9 o caso da MB Associados, que elevou de 2,6% para 3,2% a previs\u00e3o de crescimento do PIB neste ano, mas manteve em 1,8% a previs\u00e3o para o ano que vem. A consultoria ainda descartou a possibilidade de PIB negativo nos primeiros tr\u00eas meses do ano na margem, mas prev\u00ea queda de 0,1% na compara\u00e7\u00e3o com o primeiro trimestre de 2020.<\/p>\n<p>&nbsp;<\/p>\n<p>&#8220;Diversos indicadores de atividade mostraram\u00a0quedas relativamente moderadas em mar\u00e7o, o que n\u00e3o foi suficiente para eliminar totalmente os bons\u00a0resultados de janeiro e, especialmente, fevereiro.\u00a0Com isso, revisamos a proje\u00e7\u00e3o de PIB de 2,6% em 2021 para 3,2%, mantendo o crescimento de 1,8% ano\u00a0que vem&#8221;, explicou Sergio Vale, economista-chefe da MB Associados.<\/p>\n<p>&nbsp;<\/p>\n<p>De acordo com o economista, o\u00a0primeiro trimestre deve apresentar leve alta de 0,2% na margem, ou seja, contra o quarto trimestre de 2020. Alguns segmentos devem continuar com recupera\u00e7\u00e3o lenta, especialmente parte de servi\u00e7os, como os servi\u00e7os\u00a0prestados \u00e0s fam\u00edlias, &#8220;que mantiveram queda acentuada similar ao que v\u00edamos no segundo semestre do ano\u00a0passado&#8221;.<\/p>\n<p>&nbsp;<\/p>\n<p>&#8220;A recupera\u00e7\u00e3o claramente foi mais evidente na ind\u00fastria e no com\u00e9rcio, mas nos servi\u00e7os, como esperado\u00a0por causa da pandemia, a retomada tende a ser mais lenta. A boa not\u00edcia \u00e9 que da mesma forma que o\u00a0primeiro trimestre apresentou bons resultados, o segundo trimestre, que tem a base de compara\u00e7\u00e3o\u00a0catastr\u00f3fica da pandemia ano passado, tamb\u00e9m tende a apresentar resultados melhores&#8221;, afirmou Vale.<\/p>\n<p>&nbsp;<\/p>\n<p>A MB tamb\u00e9m revisou de 6,4% para 8,1% o crescimento interanual do segundo trimestre de 2021, o que significar\u00e1 uma queda na margem de 1,2%. &#8220;Matemos uma\u00a0dose de incerteza atrelada \u00e0 lentid\u00e3o da vacina\u00e7\u00e3o, que\u00a0acreditamos consiga se acelerada no quarto trimestre. Lembrando que consideramos a vacina\u00e7\u00e3o completa\u00a0com segunda dose como a relevante e n\u00e3o apenas a primeira dose. Com a demora na vacina\u00e7\u00e3o, os riscos\u00a0de uma terceira onda n\u00e3o podem ser descartados, o que poderia afetar particularmente o terceiro trimestre&#8221;, disse Vale.<\/p>\n<p>&nbsp;<\/p>\n<p>Na avalia\u00e7\u00e3o do especialista,\u00a0por ora, os sinais s\u00e3o positivos para a economia e &#8220;tende a ser dif\u00edcil crescer abaixo de<br \/>\n3% neste ano&#8221;.\u00a0 Entretanto, vale lembrar que a recupera\u00e7\u00e3o da economia ocorrida no segundo semestre de 2020, em grande parte, devido aos est\u00edmulos fiscais, especialmente, o impulso no consumo provocado pelo aux\u00edlio emergencial no ano passado, deixou um carregamento estat\u00edstico, em torno de 3,6%, pelas estimativas de analistas do mercado, para o ano de 2021.<\/p>\n<p>&nbsp;<\/p>\n<p>Logo, um crescimento de 3,2% no PIB deste ano &#8212; a mesma previs\u00e3o do Minist\u00e9rio da Economia &#8212; ainda ficar\u00e1 abaixo dessa &#8220;heran\u00e7a&#8221; cont\u00e1bil deixada pelo PIB de 2020, mostrando que a recupera\u00e7\u00e3o da atividade econ\u00f4mica no meio da pandemia da covid-19 continua sendo desafiadora.\u00a0Ainda mais se olharmos para 2022, ano em que tanto a MB e quanto o Ita\u00fa Unibanco preveem uma desacelera\u00e7\u00e3o no PIB para uma taxa de 1,8% no PIB, abaixo do PIB potencial.<\/p>\n<p>&nbsp;<\/p>\n<p>Pelos c\u00e1lculos do economista-chefe do Ita\u00fa Unibanco, M\u00e1rio Mesquita, o PIB potencial gira em torno de 2%, ou seja, essa \u00e9 a taxa que a economia brasileira tem capacidade para crescer de forma inercial por um per\u00edodo mais prolongado. O banco elevou de 3,6% para 4% a previs\u00e3o de crescimento do PIB de 2021, tamb\u00e9m em decorr\u00eancia dos indicadores melhores do que o esperado no in\u00edcio do ano.<\/p>\n<p>&nbsp;<\/p>\n<p>&nbsp;<\/p>\n","protected":false},"excerpt":{"rendered":"<p>ROSANA HESSEL &nbsp; Apesar do agravamento da pandemia da covid-19 desde mar\u00e7o, os resultados melhores do que o esperado, principalmente, para a\u00a0 ind\u00fastria e do com\u00e9rcio, neste in\u00edcio do ano, tem feito analistas revisarem para cima as proje\u00e7\u00f5es para o crescimento do Produto Interno Bruto (PIB) diante dos dados do primeiro trimestre. &nbsp; \u00c9 o [&hellip;]<\/p>\n","protected":false},"author":22,"featured_media":18813,"comment_status":"open","ping_status":"closed","sticky":false,"template":"","format":"standard","meta":{"wpb_read_more":[],"footnotes":""},"categories":[600],"tags":[2581,4841,58,718],"class_list":["post-18811","post","type-post","status-publish","format-standard","has-post-thumbnail","hentry","category-economia","tag-atividade-economica","tag-mb-associados","tag-pib","tag-revisao"],"_links":{"self":[{"href":"https:\/\/blogs2.correiobraziliense.com.br\/vicente\/wp-json\/wp\/v2\/posts\/18811","targetHints":{"allow":["GET"]}}],"collection":[{"href":"https:\/\/blogs2.correiobraziliense.com.br\/vicente\/wp-json\/wp\/v2\/posts"}],"about":[{"href":"https:\/\/blogs2.correiobraziliense.com.br\/vicente\/wp-json\/wp\/v2\/types\/post"}],"author":[{"embeddable":true,"href":"https:\/\/blogs2.correiobraziliense.com.br\/vicente\/wp-json\/wp\/v2\/users\/22"}],"replies":[{"embeddable":true,"href":"https:\/\/blogs2.correiobraziliense.com.br\/vicente\/wp-json\/wp\/v2\/comments?post=18811"}],"version-history":[{"count":1,"href":"https:\/\/blogs2.correiobraziliense.com.br\/vicente\/wp-json\/wp\/v2\/posts\/18811\/revisions"}],"predecessor-version":[{"id":18814,"href":"https:\/\/blogs2.correiobraziliense.com.br\/vicente\/wp-json\/wp\/v2\/posts\/18811\/revisions\/18814"}],"wp:featuredmedia":[{"embeddable":true,"href":"https:\/\/blogs2.correiobraziliense.com.br\/vicente\/wp-json\/wp\/v2\/media\/18813"}],"wp:attachment":[{"href":"https:\/\/blogs2.correiobraziliense.com.br\/vicente\/wp-json\/wp\/v2\/media?parent=18811"}],"wp:term":[{"taxonomy":"category","embeddable":true,"href":"https:\/\/blogs2.correiobraziliense.com.br\/vicente\/wp-json\/wp\/v2\/categories?post=18811"},{"taxonomy":"post_tag","embeddable":true,"href":"https:\/\/blogs2.correiobraziliense.com.br\/vicente\/wp-json\/wp\/v2\/tags?post=18811"}],"curies":[{"name":"wp","href":"https:\/\/api.w.org\/{rel}","templated":true}]}}